{"id":3601,"date":"2021-01-20T15:23:59","date_gmt":"2021-01-20T15:23:59","guid":{"rendered":"http:\/\/www.campingverneda.com\/blog\/?p=3601"},"modified":"2021-12-02T16:11:06","modified_gmt":"2021-12-02T16:11:06","slug":"ganasdeverano","status":"publish","type":"post","link":"http:\/\/www.campingverneda.com\/blog\/2021\/01\/20\/ganasdeverano\/","title":{"rendered":"Ganas de verano"},"content":{"rendered":"<p>Tenemos ganas de verano, por mucho que nos guste el invierno, que nos encanta, estamos deseando que suben las temperaturas para quitarnos el jersey de lana, la bufanda, y los calcetines t\u00e9rmicos.<\/p>\n<div id=\"attachment_3602\" style=\"width: 341px\" class=\"wp-caption alignright\"><a href=\"http:\/\/www.campingverneda.com\/blog\/2021\/01\/20\/ganasdeverano\/nets-verneda-concert-alide\/\" rel=\"attachment wp-att-3602\"><img aria-describedby=\"caption-attachment-3602\" decoding=\"async\" loading=\"lazy\" class=\" wp-image-3602\" src=\"http:\/\/www.campingverneda.com\/blog\/wp-content\/uploads\/2021\/01\/nets-verneda-concert-alide.jpg\" alt=\"conciertos al aire libre en Verneda Camping\" width=\"331\" height=\"497\" srcset=\"http:\/\/www.campingverneda.com\/blog\/wp-content\/uploads\/2021\/01\/nets-verneda-concert-alide-200x300.jpg 200w, http:\/\/www.campingverneda.com\/blog\/wp-content\/uploads\/2021\/01\/nets-verneda-concert-alide-400x599.jpg 400w, http:\/\/www.campingverneda.com\/blog\/wp-content\/uploads\/2021\/01\/nets-verneda-concert-alide-600x899.jpg 600w, http:\/\/www.campingverneda.com\/blog\/wp-content\/uploads\/2021\/01\/nets-verneda-concert-alide-683x1024.jpg 683w, http:\/\/www.campingverneda.com\/blog\/wp-content\/uploads\/2021\/01\/nets-verneda-concert-alide-768x1151.jpg 768w, http:\/\/www.campingverneda.com\/blog\/wp-content\/uploads\/2021\/01\/nets-verneda-concert-alide-800x1199.jpg 800w, http:\/\/www.campingverneda.com\/blog\/wp-content\/uploads\/2021\/01\/nets-verneda-concert-alide.jpg 1200w\" sizes=\"(max-width: 331px) 100vw, 331px\" \/><\/a><p id=\"caption-attachment-3602\" class=\"wp-caption-text\">Alide Sans en Es Nets deth Verneda<\/p><\/div>\n<p>Tenemos ganas de verano para poder ba\u00f1arnos en el r\u00edo Garona, al menos mojarnos los pies con ese agua helada que baja del deshielo de nuestras monta\u00f1as de los Pirineos, y tambi\u00e9n tenemos ganas de verano para que los d\u00edas sean m\u00e1s largos y, si este dichoso virus nos deja, poder bailar en Es Nets de Verneda, todos juntos, moviendo las caderas.<\/p>\n<p>Esta temporada de invierno est\u00e1 siendo m\u00e1s inusual, si cabe, que la anterior, y tenemos ganas de verano para poder volver a sentirnos libres. \u00bfOs acord\u00e1is de vuestros veranos de la adolescencia? Veranos llenos de historias que se repiten en cada nuevo solsticio, relatos que nos transportan en el tiempo para sacarnos sonrisas p\u00edcaras repletas de ilusi\u00f3n y una preciosa nostalgia.<\/p>\n<p>As\u00ed que s\u00ed, tenemos ganas de que este verano de 2021 comience pronto para veros a todos, disfrutar de las peque\u00f1as cosas que nos hacen felices, re\u00edr a carcajadas en la piscina, y que las risas contin\u00faen en la cena junto a la barbacoa rodeados de nuestras personas favoritas.<\/p>\n<p>Y por estos mismo, por nuestras ganas locas de verano, hemos activado esta promoci\u00f3n para que pod\u00e1is agendar pronto vuestras vacaciones en familia en el Valle de Ar\u00e1n:<\/p>\n<ul>\n<li>Descuento en estancias de <strong>7 noches en <a href=\"https:\/\/www.campingverneda.com\/acampada\" target=\"_blank\" rel=\"noopener\">acampada<\/a> en temporada media<\/strong><\/li>\n<li>Descuento en estancias de<strong> 7 noches en <a href=\"https:\/\/www.campingverneda.com\/bungalows\" target=\"_blank\" rel=\"noopener\">bungalow<\/a> en temporada baja y media<\/strong><\/li>\n<\/ul>\n","protected":false},"excerpt":{"rendered":"<p>Tenemos ganas de verano, por mucho que nos guste el invierno, que nos encanta, estamos deseando que suben las temperaturas para quitarnos el jersey de [&hellip;]<\/p>\n","protected":false},"author":1,"featured_media":3603,"comment_status":"open","ping_status":"open","sticky":false,"template":"","format":"standard","meta":[],"categories":[1,72,69],"tags":[51,1188,1187,1186,818,1189],"_links":{"self":[{"href":"http:\/\/www.campingverneda.com\/blog\/wp-json\/wp\/v2\/posts\/3601"}],"collection":[{"href":"http:\/\/www.campingverneda.com\/blog\/wp-json\/wp\/v2\/posts"}],"about":[{"href":"http:\/\/www.campingverneda.com\/blog\/wp-json\/wp\/v2\/types\/post"}],"author":[{"embeddable":true,"href":"http:\/\/www.campingverneda.com\/blog\/wp-json\/wp\/v2\/users\/1"}],"replies":[{"embeddable":true,"href":"http:\/\/www.campingverneda.com\/blog\/wp-json\/wp\/v2\/comments?post=3601"}],"version-history":[{"count":7,"href":"http:\/\/www.campingverneda.com\/blog\/wp-json\/wp\/v2\/posts\/3601\/revisions"}],"predecessor-version":[{"id":3610,"href":"http:\/\/www.campingverneda.com\/blog\/wp-json\/wp\/v2\/posts\/3601\/revisions\/3610"}],"wp:featuredmedia":[{"embeddable":true,"href":"http:\/\/www.campingverneda.com\/blog\/wp-json\/wp\/v2\/media\/3603"}],"wp:attachment":[{"href":"http:\/\/www.campingverneda.com\/blog\/wp-json\/wp\/v2\/media?parent=3601"}],"wp:term":[{"taxonomy":"category","embeddable":true,"href":"http:\/\/www.campingverneda.com\/blog\/wp-json\/wp\/v2\/categories?post=3601"},{"taxonomy":"post_tag","embeddable":true,"href":"http:\/\/www.campingverneda.com\/blog\/wp-json\/wp\/v2\/tags?post=3601"}],"curies":[{"name":"wp","href":"https:\/\/api.w.org\/{rel}","templated":true}]}}