{"id":3590,"date":"2020-12-15T06:53:01","date_gmt":"2020-12-15T06:53:01","guid":{"rendered":"http:\/\/www.campingverneda.com\/blog\/?p=3590"},"modified":"2024-09-16T13:34:33","modified_gmt":"2024-09-16T13:34:33","slug":"quizz-de-la-val-daran","status":"publish","type":"post","link":"http:\/\/www.campingverneda.com\/blog\/2020\/12\/15\/quizz-de-la-val-daran\/","title":{"rendered":"QUIZZ de la Val d\u2019Aran"},"content":{"rendered":"<p>Vives en el valle, o vienes con frecuencia pero, \u00bfqu\u00e9 y cu\u00e1nto sabes de la Val d\u2019Aran? Adem\u00e1s de los buenos lugares para pasear, comer, beber, y disfrutar con tus personas favoritas, este valle de valles tiene un mont\u00f3n de curiosidades para que sigas sumando a tu manual personal de \u2018Cosas de la Val d\u2019Aran para soltar a tu cu\u00f1ado\u2019.<\/p>\n<p>Aqu\u00ed te presentamos un primer quizz sobre este rinc\u00f3n de los Pirineos para poner a prueba tus conocimientos sobre nuestro querido territorio aran\u00e9s.<\/p>\n<div id=\"attachment_3591\" style=\"width: 678px\" class=\"wp-caption alignright\"><a href=\"http:\/\/www.campingverneda.com\/blog\/2020\/12\/15\/quizz-de-la-val-daran\/verneda-camping-resort-valdaran\/\" rel=\"attachment wp-att-3591\"><img aria-describedby=\"caption-attachment-3591\" decoding=\"async\" loading=\"lazy\" class=\" wp-image-3591\" src=\"http:\/\/www.campingverneda.com\/blog\/wp-content\/uploads\/2020\/12\/verneda-camping-resort-valdaran.png\" alt=\"Val d'Aran destino natural\" width=\"668\" height=\"472\" srcset=\"http:\/\/www.campingverneda.com\/blog\/wp-content\/uploads\/2020\/12\/verneda-camping-resort-valdaran-200x141.png 200w, http:\/\/www.campingverneda.com\/blog\/wp-content\/uploads\/2020\/12\/verneda-camping-resort-valdaran-300x212.png 300w, http:\/\/www.campingverneda.com\/blog\/wp-content\/uploads\/2020\/12\/verneda-camping-resort-valdaran-400x283.png 400w, http:\/\/www.campingverneda.com\/blog\/wp-content\/uploads\/2020\/12\/verneda-camping-resort-valdaran-600x424.png 600w, http:\/\/www.campingverneda.com\/blog\/wp-content\/uploads\/2020\/12\/verneda-camping-resort-valdaran-768x543.png 768w, http:\/\/www.campingverneda.com\/blog\/wp-content\/uploads\/2020\/12\/verneda-camping-resort-valdaran-800x566.png 800w, http:\/\/www.campingverneda.com\/blog\/wp-content\/uploads\/2020\/12\/verneda-camping-resort-valdaran.png 945w\" sizes=\"(max-width: 668px) 100vw, 668px\" \/><\/a><p id=\"caption-attachment-3591\" class=\"wp-caption-text\">Arties, uno de los pueblos m\u00e1s bonitos de la Val d&#8217;Aran<\/p><\/div>\n<p>Antes de comenzar el quizz, queremos destacar una de las caracter\u00edsticas m\u00e1s destacables de la Val d\u2019Aran, nuestra idioma: <strong>el aran\u00e9s<\/strong>.<br \/>\nNuestra lengua proviene de una variedad gascona del idioma <strong>occitano<\/strong> (una lengua romance europea mayormente hablada en el sur de Francia y tambi\u00e9n en partes de Italia). Tras a\u00f1os de lucha por nuestro idioma, en 2006 el Estatuto de Autonom\u00eda de Catalu\u00f1a estableci\u00f3 la oficialidad de la lengua occitana en toda Catalu\u00f1a, y esta fue ratificada mediante la ley aprobada en el Parlamento de Catalu\u00f1a en 2010, por la que el occitano, en su variante aranesa, se declar\u00f3 lengua oficial en Catalu\u00f1a, aunque de uso preferente en la Val d\u2019Aran. Si quieres saber m\u00e1s puedes visitar la web del <a href=\"https:\/\/www.conselharan.org\/es\/ua-lengua-oficiau\/\" target=\"_blank\" rel=\"noopener\">Conselh Generau d\u2019Aran<\/a>.<\/p>\n<p><strong>1. \u00bfCu\u00e1ntas personas hablan aran\u00e9s?<\/strong><\/p>\n<p>Seg\u00fan los datos del \u00faltimo censo de 2017, en la Val d\u2019Aran viven 5.512 personas, de las cuales 2.785 hablan aran\u00e9s. As\u00ed, de las tres lenguas oficiales que aqu\u00ed conviven en espacio y tiempo, primero se habla aran\u00e9s, seguido de castellano y, por \u00faltimo, catal\u00e1n.<\/p>\n<p><strong>2. \u00bfQu\u00e9 es Era Querim\u00f2nia?<\/strong><\/p>\n<p>Era Querim\u00f2nia es la Carta Magna de Aran. En este documento se presentan nuestros estatutos, en los que se detallan y se reconocen los privilegios y fueros concedidos en 1.313 por el rey Jaume II a las aranesas y los araneses.<\/p>\n<p><strong>3. \u00bfC\u00f3mo se representa al pueblo aran\u00e9s en las instituciones p\u00fablicas?<\/strong><\/p>\n<p>Tenemos un autogobierno, el <a href=\"http:\/\/www.conselharan.org\/\" target=\"_blank\" rel=\"noopener\">Conselh Generau d\u2019Aran<\/a> y una divisi\u00f3n territorial propia basada en los <strong>ter\u00e7ons<\/strong> (tercios).<\/p>\n<p><strong>4. \u00bfCu\u00e1les son los picos m\u00e1s notables del Valle de Ar\u00e1n?<\/strong><\/p>\n<p>Disfrutamos de las mejores vistas del Aneto, pero nuestro pico m\u00e1s alto es el de Tuc de Moli\u00e8res con 3.010 metros, que en los \u00faltimos a\u00f1os se ha convertido en todo un s\u00edmbolo para los trail runners m\u00e1s expertos gracias la realizaci\u00f3n del Trail Moli\u00e8res.<\/p>\n<p><strong>5. \u00bfY por qu\u00e9 tenemos la mejor nieve en invierno?<\/strong><\/p>\n<p>Esto se debe a nuestra situaci\u00f3n geogr\u00e1fica y la vertiente atl\u00e1ntica de nuestro valle, que nos ofrece unos meses de invierno normalmente abundantes de nieve y con la mejor calidad, y tambi\u00e9n unos bosques frondosos y una fauna y flora peculiar.<\/p>\n<p>Sigue atento\/a a nuestro blog para ir aprendiendo m\u00e1s y mejor sobre todo lo que engloba la Val d\u2019Aran durante todo el a\u00f1o.<\/p>\n","protected":false},"excerpt":{"rendered":"<p>Vives en el valle, o vienes con frecuencia pero, \u00bfqu\u00e9 y cu\u00e1nto sabes de la Val d\u2019Aran? Adem\u00e1s de los buenos lugares para pasear, comer, [&hellip;]<\/p>\n","protected":false},"author":1,"featured_media":3414,"comment_status":"open","ping_status":"open","sticky":false,"template":"","format":"standard","meta":[],"categories":[71],"tags":[48,50,1025,1170,467,1185,1147,1184,63,1020],"_links":{"self":[{"href":"http:\/\/www.campingverneda.com\/blog\/wp-json\/wp\/v2\/posts\/3590"}],"collection":[{"href":"http:\/\/www.campingverneda.com\/blog\/wp-json\/wp\/v2\/posts"}],"about":[{"href":"http:\/\/www.campingverneda.com\/blog\/wp-json\/wp\/v2\/types\/post"}],"author":[{"embeddable":true,"href":"http:\/\/www.campingverneda.com\/blog\/wp-json\/wp\/v2\/users\/1"}],"replies":[{"embeddable":true,"href":"http:\/\/www.campingverneda.com\/blog\/wp-json\/wp\/v2\/comments?post=3590"}],"version-history":[{"count":7,"href":"http:\/\/www.campingverneda.com\/blog\/wp-json\/wp\/v2\/posts\/3590\/revisions"}],"predecessor-version":[{"id":3612,"href":"http:\/\/www.campingverneda.com\/blog\/wp-json\/wp\/v2\/posts\/3590\/revisions\/3612"}],"wp:featuredmedia":[{"embeddable":true,"href":"http:\/\/www.campingverneda.com\/blog\/wp-json\/wp\/v2\/media\/3414"}],"wp:attachment":[{"href":"http:\/\/www.campingverneda.com\/blog\/wp-json\/wp\/v2\/media?parent=3590"}],"wp:term":[{"taxonomy":"category","embeddable":true,"href":"http:\/\/www.campingverneda.com\/blog\/wp-json\/wp\/v2\/categories?post=3590"},{"taxonomy":"post_tag","embeddable":true,"href":"http:\/\/www.campingverneda.com\/blog\/wp-json\/wp\/v2\/tags?post=3590"}],"curies":[{"name":"wp","href":"https:\/\/api.w.org\/{rel}","templated":true}]}}