{"id":3585,"date":"2020-12-10T12:57:14","date_gmt":"2020-12-10T12:57:14","guid":{"rendered":"http:\/\/www.campingverneda.com\/blog\/?p=3585"},"modified":"2021-02-23T11:21:57","modified_gmt":"2021-02-23T11:21:57","slug":"llega-el-invierno-vuelve-verneda-en-blanco","status":"publish","type":"post","link":"http:\/\/www.campingverneda.com\/blog\/2020\/12\/10\/llega-el-invierno-vuelve-verneda-en-blanco\/","title":{"rendered":"Llega el invierno. Vuelve #Vernedaenblanco"},"content":{"rendered":"<p>Con motivo del <strong>D\u00eda Internacional de las Monta\u00f1as<\/strong> que se celebra este pr\u00f3ximo viernes 11 de diciembre queremos hacer un peque\u00f1o homenaje a las monta\u00f1as que nos rodean. Nuestras queridas monta\u00f1as nos dan cobijo, son la esencia de este rinc\u00f3n del Pirineo, nos deleitan cada d\u00eda con su transformaci\u00f3n de colores\u2026 \u00a1Son nuestra casa!<\/p>\n<p>Montlude, Montcorbison, Malh Blanc y Moli\u00e8res. Estos nombres son algunos de los picos m\u00e1s emblem\u00e1ticos y representativos de la Val d\u2019Aran, y tambi\u00e9n los nombres de nuestras <a href=\"https:\/\/www.campingverneda.com\/bordeta-luxe\" target=\"_blank\" rel=\"noopener\">Bordeta Luxe<\/a>, caba\u00f1as de madera para cuatro personas, ideales para familias.<\/p>\n<p>El Montcorbison es la monta\u00f1a m\u00e1s alta de Vielha e Mijaran, y la que da cobijo a la capital de la Val d\u2019Aran. Con sus 2.172 metros, esta monta\u00f1a se ha convertido en una salida indispensable para los aut\u00f3ctonos en cualquier \u00e9poca de a\u00f1o, pero tambi\u00e9n es una excursi\u00f3n ideal para aquellos que desean adentrarse en el mundo de la monta\u00f1a. Ya sea en invierno o verano, el Montcorbison es una apuesta segura para disfrutar del senderismo.<\/p>\n<p>El pico Moli\u00e8res, que en los \u00faltimos a\u00f1os parece ha ganado cierta fama debido a la carrera de trail running<strong> Trail Vielha Molieres<\/strong>, es uno de los enclaves favoritos por los monta\u00f1eros y monta\u00f1eras m\u00e1s expertos\/as que nos visitan. Con sus 3.011 metros de altitud, sus pronunciadas pendientes y su paisaje alpino, supone un reto para los amantes de la monta\u00f1a. Si eres un monta\u00f1ero\/a experto\/a debes apuntar en tu lista esta monta\u00f1a. Perfecta para hacerla con esqu\u00eds de traves\u00eda en invierno.<\/p>\n<p>El Montlude es la monta\u00f1a que culmina la sierra situada en el centro de Mijaran, limitada por la Val de Toran al norte, el r\u00edo Garona al oeste y la Val de Varrad\u00f2s al sur. Su c\u00e9ntrica situaci\u00f3n lo convierte en uno de los mejores miradores de la Val d\u2019Aran. Una excursi\u00f3n de dificultad baja durante los meses de verano y media para los meses de invierno, debido a su aproximaci\u00f3n por caminos de tierra que no siempre est\u00e1n en buenas condiciones.<\/p>\n<p>Y aqu\u00ed va nuestro peque\u00f1o homenaje al D\u00eda Internacional de las Monta\u00f1as, con \u201cMontanhes araneses\u201d, el himno de la Val d\u2019Aran.<\/p>\n<div class=\"video-shortcode\"><iframe loading=\"lazy\" width=\"1778\" height=\"1000\" src=\"https:\/\/www.youtube.com\/embed\/lCL0z5l8Pu8?feature=oembed\" frameborder=\"0\" allow=\"accelerometer; autoplay; clipboard-write; encrypted-media; gyroscope; picture-in-picture\" allowfullscreen><\/iframe><\/div>\n<p>&nbsp;<\/p>\n<p>En tus<strong> vacaciones de invierno esc\u00e1pate a la Val d\u2019Aran<\/strong> y siente de cerca la magia de nuestras monta\u00f1as con <a href=\"http:\/\/thelisresa.webcamp.fr\/list.php?camping=verneda&amp;track=9112020&amp;type=2&amp;typelocation=2&amp;nb_pers=0&amp;begin=23\/12\/2020&amp;end=27\/12\/2020&amp;duration=4&amp;beginType=0&amp;tolerance=0&amp;lang=es\" target=\"_blank\" rel=\"noopener\">nuestras promociones<\/a> para este mes de diciembre.<\/p>\n<p>Val d\u2019Aran, un placer para los sentidos y tambi\u00e9n para el alma. \u00a1Os esperamos!<\/p>\n","protected":false},"excerpt":{"rendered":"<p>Con motivo del D\u00eda Internacional de las Monta\u00f1as que se celebra este pr\u00f3ximo viernes 11 de diciembre queremos hacer un peque\u00f1o homenaje a las monta\u00f1as [&hellip;]<\/p>\n","protected":false},"author":1,"featured_media":3587,"comment_status":"open","ping_status":"open","sticky":false,"template":"","format":"standard","meta":[],"categories":[71,73],"tags":[1181,50,1180,1182,997,696,1183,1020,818],"_links":{"self":[{"href":"http:\/\/www.campingverneda.com\/blog\/wp-json\/wp\/v2\/posts\/3585"}],"collection":[{"href":"http:\/\/www.campingverneda.com\/blog\/wp-json\/wp\/v2\/posts"}],"about":[{"href":"http:\/\/www.campingverneda.com\/blog\/wp-json\/wp\/v2\/types\/post"}],"author":[{"embeddable":true,"href":"http:\/\/www.campingverneda.com\/blog\/wp-json\/wp\/v2\/users\/1"}],"replies":[{"embeddable":true,"href":"http:\/\/www.campingverneda.com\/blog\/wp-json\/wp\/v2\/comments?post=3585"}],"version-history":[{"count":2,"href":"http:\/\/www.campingverneda.com\/blog\/wp-json\/wp\/v2\/posts\/3585\/revisions"}],"predecessor-version":[{"id":3589,"href":"http:\/\/www.campingverneda.com\/blog\/wp-json\/wp\/v2\/posts\/3585\/revisions\/3589"}],"wp:featuredmedia":[{"embeddable":true,"href":"http:\/\/www.campingverneda.com\/blog\/wp-json\/wp\/v2\/media\/3587"}],"wp:attachment":[{"href":"http:\/\/www.campingverneda.com\/blog\/wp-json\/wp\/v2\/media?parent=3585"}],"wp:term":[{"taxonomy":"category","embeddable":true,"href":"http:\/\/www.campingverneda.com\/blog\/wp-json\/wp\/v2\/categories?post=3585"},{"taxonomy":"post_tag","embeddable":true,"href":"http:\/\/www.campingverneda.com\/blog\/wp-json\/wp\/v2\/tags?post=3585"}],"curies":[{"name":"wp","href":"https:\/\/api.w.org\/{rel}","templated":true}]}}