{"id":3506,"date":"2020-06-19T08:29:25","date_gmt":"2020-06-19T08:29:25","guid":{"rendered":"http:\/\/www.campingverneda.com\/blog\/?p=3506"},"modified":"2020-09-03T16:50:24","modified_gmt":"2020-09-03T16:50:24","slug":"vacaciones-a-lo-vidaverneda","status":"publish","type":"post","link":"http:\/\/www.campingverneda.com\/blog\/2020\/06\/19\/vacaciones-a-lo-vidaverneda\/","title":{"rendered":"\u00a1Vuelven las vacaciones a lo #VIDAVerneda!"},"content":{"rendered":"<p>Ya est\u00e1 aqu\u00ed nuestra \u00e9poca preferida. \u00a1Ya est\u00e1 aqu\u00ed la <strong>#VIDAVerneda en modo verano<\/strong>!<\/p>\n<div id=\"attachment_3508\" style=\"width: 401px\" class=\"wp-caption alignright\"><a href=\"http:\/\/www.campingverneda.com\/blog\/2020\/06\/19\/vacaciones-a-lo-vidaverneda\/verneda-camping-val-d-aran-pirineo\/\" rel=\"attachment wp-att-3508\"><img aria-describedby=\"caption-attachment-3508\" decoding=\"async\" loading=\"lazy\" class=\" wp-image-3508\" src=\"http:\/\/www.campingverneda.com\/blog\/wp-content\/uploads\/2020\/06\/verneda-camping-val-d-aran-pirineo.jpg\" alt=\"Camping Verneda en la Val d'Aran\" width=\"391\" height=\"586\" srcset=\"http:\/\/www.campingverneda.com\/blog\/wp-content\/uploads\/2020\/06\/verneda-camping-val-d-aran-pirineo-200x300.jpg 200w, http:\/\/www.campingverneda.com\/blog\/wp-content\/uploads\/2020\/06\/verneda-camping-val-d-aran-pirineo-400x599.jpg 400w, http:\/\/www.campingverneda.com\/blog\/wp-content\/uploads\/2020\/06\/verneda-camping-val-d-aran-pirineo-600x899.jpg 600w, http:\/\/www.campingverneda.com\/blog\/wp-content\/uploads\/2020\/06\/verneda-camping-val-d-aran-pirineo-683x1024.jpg 683w, http:\/\/www.campingverneda.com\/blog\/wp-content\/uploads\/2020\/06\/verneda-camping-val-d-aran-pirineo-768x1151.jpg 768w, http:\/\/www.campingverneda.com\/blog\/wp-content\/uploads\/2020\/06\/verneda-camping-val-d-aran-pirineo-800x1199.jpg 800w, http:\/\/www.campingverneda.com\/blog\/wp-content\/uploads\/2020\/06\/verneda-camping-val-d-aran-pirineo.jpg 1200w\" sizes=\"(max-width: 391px) 100vw, 391px\" \/><\/a><p id=\"caption-attachment-3508\" class=\"wp-caption-text\">Zona de acampada con c\u00e9sped natural<\/p><\/div>\n<p>El periodo estival es la \u00e9poca en la que nuestro Mountain Resort alcanza su punto m\u00e1s agradable, el momento perfecto para que las familias y los amantes de la Naturaleza puedan <strong>practicar turismo activo<\/strong>, y disfrutar con los paisajes de este valle de valles \u00fanico en el Pirineo.<\/p>\n<p>Aunque sabemos que nos espera un verano un poco at\u00edpico, desde el equipo de #VIDAVerneda llevamos muchos meses trabajando muy duro para ofreceros unas <a href=\"https:\/\/www.campingverneda.com\/uploads\/media\/pdf\/MEDIDAS ADOPTADAS POR VERNEDA CAMPING MOUNTAIN RESORT SOBRE COVID.pdf\" target=\"_blank\" rel=\"noopener\"><strong>vacaciones seguras<\/strong><\/a> y tambi\u00e9n repletas de buenos momentos con vuestras personas favoritas. \u00a1En VIDAVerneda queremos cuidar de ti y de los tuyos!<\/p>\n<p>Por eso este a\u00f1o, aunque por el momento limitaremos algunas actividades como las salidas de senderismo o las noches de conciertos, hemos querido hacer especial hincapi\u00e9 en <strong>mantener nuestras<a href=\"https:\/\/www.campingverneda.com\/programa-actividades\" target=\"_blank\" rel=\"noopener\"> actividades infantiles<\/a><\/strong>, siempre bajo las directrices de las autoridades pertinentes. Y por supuesto nuestra ansiada piscina, y tambi\u00e9n los parques infantiles estar\u00e1n en<strong> pleno funcionamiento<\/strong> a partir del pr\u00f3ximo d\u00eda <strong>22 de junio<\/strong>. \u00a1Porque los ni\u00f1os y ni\u00f1as son los reyes del verano y ellos son los que se merecen toda nuestra atenci\u00f3n!<\/p>\n<p>Desde este pasado lunes d\u00eda <strong>15 de junio<\/strong> ya tenemos nuestra <strong>zona de acampada<\/strong> a punto para <a href=\"https:\/\/www.instagram.com\/vida_verneda\/\" target=\"_blank\" rel=\"noopener\">recibir a todos aquellos campistas<\/a> que se mueren de ganas de plantar sus tiendas, caravanas o autocaravanas en nuestras parcelas de c\u00e9sped natural, de despertarse al son del r\u00edo Garona y de vivir un sinf\u00edn de<strong> aventuras en la Val d\u2019Aran<\/strong>. Por eso, para todos\/as aquellos\/as indecisos ofrecemos un descuento del <a href=\"https:\/\/thelisresa.webcamp.fr\/list.php?camping=verneda&amp;track=1062020&amp;type=1&amp;typelocation=1&amp;nb_pers=0&amp;begin=21\/06\/2020&amp;end=24\/06\/2020&amp;duration=3&amp;beginType=0&amp;tolerance=0&amp;lang=es&amp;PHPSESSID=lgiu2udpj65273col6q3v8cs55\" target=\"_blank\" rel=\"noopener\">15% de descuento en nuestras parcelas<\/a> hasta el d\u00eda 2 de julio.<\/p>\n<p>Para aquellos\/as que dese\u00e1is vivir una experiencia \u00fanica, con<a href=\"https:\/\/www.campingverneda.com\/bungalows\" target=\"_blank\" rel=\"noopener\"> todo el confort necesario para sentiros como en casa,<\/a> y con una decoraci\u00f3n alpina, nuestros bungalows son la mejor opci\u00f3n. Os proponemos <strong>un <a href=\"http:\/\/thelisresa.webcamp.fr\/list.php?camping=verneda&amp;track=1062020&amp;type=2&amp;typelocation=2&amp;nb_pers=4&amp;begin=21\/06\/2020&amp;end=26\/06\/2020&amp;duration=5&amp;beginType=0&amp;tolerance=0&amp;lang=es\" target=\"_blank\" rel=\"noopener\">descuento del 30% en nuestras caba\u00f1as de madera<\/a> hasta el d\u00eda 2 de julio<\/strong>. Esta promoci\u00f3n est\u00e1 activa entre semana y tambi\u00e9n durante los fines de semana.<\/p>\n<p><strong>Visitar la Val d\u2019Aran<\/strong> en verano es una opci\u00f3n que a\u00f1o tras a\u00f1o descubren aquellxs que deciden venir a conocer a la <strong>perla de los Pirineos<\/strong> lejos del bullicio y del estr\u00e9s de la ciudad.<br \/>\nDesde Camping Verneda Mountain Resort os aseguramos que, si nos visit\u00e1is, vais a vivir una aventura sin igual que recordar\u00e9is durante mucho tiempo. \u00a1Os esperamos a todxs!<\/p>\n","protected":false},"excerpt":{"rendered":"<p>Ya est\u00e1 aqu\u00ed nuestra \u00e9poca preferida. \u00a1Ya est\u00e1 aqu\u00ed la #VIDAVerneda en modo verano! El periodo estival es la \u00e9poca en la que nuestro Mountain [&hellip;]<\/p>\n","protected":false},"author":1,"featured_media":3507,"comment_status":"open","ping_status":"open","sticky":false,"template":"","format":"standard","meta":[],"categories":[69],"tags":[17,1150,495,546,696,13,818],"_links":{"self":[{"href":"http:\/\/www.campingverneda.com\/blog\/wp-json\/wp\/v2\/posts\/3506"}],"collection":[{"href":"http:\/\/www.campingverneda.com\/blog\/wp-json\/wp\/v2\/posts"}],"about":[{"href":"http:\/\/www.campingverneda.com\/blog\/wp-json\/wp\/v2\/types\/post"}],"author":[{"embeddable":true,"href":"http:\/\/www.campingverneda.com\/blog\/wp-json\/wp\/v2\/users\/1"}],"replies":[{"embeddable":true,"href":"http:\/\/www.campingverneda.com\/blog\/wp-json\/wp\/v2\/comments?post=3506"}],"version-history":[{"count":2,"href":"http:\/\/www.campingverneda.com\/blog\/wp-json\/wp\/v2\/posts\/3506\/revisions"}],"predecessor-version":[{"id":3510,"href":"http:\/\/www.campingverneda.com\/blog\/wp-json\/wp\/v2\/posts\/3506\/revisions\/3510"}],"wp:featuredmedia":[{"embeddable":true,"href":"http:\/\/www.campingverneda.com\/blog\/wp-json\/wp\/v2\/media\/3507"}],"wp:attachment":[{"href":"http:\/\/www.campingverneda.com\/blog\/wp-json\/wp\/v2\/media?parent=3506"}],"wp:term":[{"taxonomy":"category","embeddable":true,"href":"http:\/\/www.campingverneda.com\/blog\/wp-json\/wp\/v2\/categories?post=3506"},{"taxonomy":"post_tag","embeddable":true,"href":"http:\/\/www.campingverneda.com\/blog\/wp-json\/wp\/v2\/tags?post=3506"}],"curies":[{"name":"wp","href":"https:\/\/api.w.org\/{rel}","templated":true}]}}