{"id":3493,"date":"2020-06-03T09:37:37","date_gmt":"2020-06-03T09:37:37","guid":{"rendered":"http:\/\/www.campingverneda.com\/blog\/?p=3493"},"modified":"2020-07-05T08:10:15","modified_gmt":"2020-07-05T08:10:15","slug":"diamundialmedioambiente","status":"publish","type":"post","link":"http:\/\/www.campingverneda.com\/blog\/2020\/06\/03\/diamundialmedioambiente\/","title":{"rendered":"D\u00eda Mundial del Medio Ambiente"},"content":{"rendered":"<p>Este d\u00eda lo tenemos siempre se\u00f1alado en nuestro calendario ya que el <strong>Medio Ambiente es literalmente nuestra casa<\/strong>. Verneda Camping Mountain Resort est\u00e1 ubicado en pleno Valle de Aran, por lo que nuestro escenario se encuentra rodeado de monta\u00f1as, \u00e1rboles, animalitos, el r\u00edo Garona\u2026 \u00a1Una oda al Medio Ambiente!<\/p>\n<p>Ahora que ya se acaba este confinamiento en el que nos hemos visto inmersos desde nuestras casas,<strong> lo que el cuerpo nos <\/strong><strong>pide es salir y mantener el distanciamiento f\u00edsico pero estando juntos en mitad de la monta\u00f1a, libres<\/strong>, respirando, sintiendo la naturaleza que nos rodea. Por eso, <strong>salvaguardar los ecosistemas naturales<\/strong> que forman parte de nuestro Medio Ambiente es fundamental para vivir en equilibrio con nuestro entorno.<\/p>\n<p>As\u00ed, hoy os damos algunas recomendaciones para vivir de una manera sostenible y responsable con estos sistemas naturales:<\/p>\n<div id=\"attachment_3495\" style=\"width: 399px\" class=\"wp-caption alignright\"><a href=\"http:\/\/www.campingverneda.com\/blog\/2020\/06\/03\/diamundialmedioambiente\/verneda-val-d-aran-dia-medio-ambiente\/\" rel=\"attachment wp-att-3495\"><img aria-describedby=\"caption-attachment-3495\" decoding=\"async\" loading=\"lazy\" class=\" wp-image-3495\" src=\"http:\/\/www.campingverneda.com\/blog\/wp-content\/uploads\/2020\/06\/verneda-val-d-aran-dia-medio-ambiente.png\" alt=\"Cascada de agua en la Val d'Aran\" width=\"389\" height=\"545\" srcset=\"http:\/\/www.campingverneda.com\/blog\/wp-content\/uploads\/2020\/06\/verneda-val-d-aran-dia-medio-ambiente-200x280.png 200w, http:\/\/www.campingverneda.com\/blog\/wp-content\/uploads\/2020\/06\/verneda-val-d-aran-dia-medio-ambiente-214x300.png 214w, http:\/\/www.campingverneda.com\/blog\/wp-content\/uploads\/2020\/06\/verneda-val-d-aran-dia-medio-ambiente-400x560.png 400w, http:\/\/www.campingverneda.com\/blog\/wp-content\/uploads\/2020\/06\/verneda-val-d-aran-dia-medio-ambiente-600x840.png 600w, http:\/\/www.campingverneda.com\/blog\/wp-content\/uploads\/2020\/06\/verneda-val-d-aran-dia-medio-ambiente-731x1024.png 731w, http:\/\/www.campingverneda.com\/blog\/wp-content\/uploads\/2020\/06\/verneda-val-d-aran-dia-medio-ambiente-768x1076.png 768w, http:\/\/www.campingverneda.com\/blog\/wp-content\/uploads\/2020\/06\/verneda-val-d-aran-dia-medio-ambiente-800x1120.png 800w, http:\/\/www.campingverneda.com\/blog\/wp-content\/uploads\/2020\/06\/verneda-val-d-aran-dia-medio-ambiente.png 984w\" sizes=\"(max-width: 389px) 100vw, 389px\" \/><\/a><p id=\"caption-attachment-3495\" class=\"wp-caption-text\">Saut deth Pish en el valle de Varrad\u00f2s<\/p><\/div>\n<p><strong>Pasear en playas y\/o monta\u00f1as:<\/strong><\/p>\n<p>Lo que hay en la Naturaleza, forma parte de ella. Con esta premisa invitamos a disfrutar visualmente de lo que vemos en nuestro camino, pero que <strong>evitemos llevarnos a casa bienes naturales que son propios del Medio Ambiente y que cumplen su funci\u00f3n, como las conchas de la playa, piedritas, minerales<\/strong>,<strong> etc<\/strong>. Antes de cogerlas y ponerlas en collares y pulseras, mejor dejarlas en su sitio para que todos podamos gozar a simple vista de su presencia.<\/p>\n<p>A cambio, os invitamos a <strong>recoger cuerdas, pl\u00e1sticos y otros residuos no naturales<\/strong> que haya en nuestro paso. Esta acci\u00f3n, adem\u00e1s de mantener limpio el mundo en el que vivimos, nos da la oportunidad de crear piezas \u00fanicas de mobiliario y\/o bisuter\u00eda mediante elementos reciclados. \u00a1Golazo!<\/p>\n<p><strong>Especial fumadores:<\/strong><\/p>\n<p>\u00a1Por favor, las colillas recogidas! Ya sabemos que fumar es malo para nuestra salud pero si elegimos hacerlo, podemos adquirir el h\u00e1bito de h<strong>acernos responsables de las colillas y no tirarlas al suelo<\/strong>. Un peque\u00f1o h\u00e1bito que deja un suelo m\u00e1s limpio para que nosotros, nuestros\/as peques y animalitos dom\u00e9sticos y silvestres, podamos pasear sobre limpio. Cada acci\u00f3n cuenta.<\/p>\n<p><strong>Comer bien, elegir Km0:<\/strong><\/p>\n<p><strong>Somos lo que comemos, pero tambi\u00e9n lo que compramos.<\/strong> Apoyar nuestros alimentos locales y de temporada siempre es una buena decisi\u00f3n, tanto para nuestro paladar como para nuestra salud, y promueve la Econom\u00eda Sostenible y Circular. <strong>All\u00e1 donde vayas, haz lo que veas y alim\u00e9ntate de lo que tienen.<\/strong><\/p>\n<p>Si quieres sabes m\u00e1s recomendaciones para promulgar con las acciones el D\u00eda Mundial del Medio Ambiente, sigue <a href=\"https:\/\/www.instagram.com\/vida_verneda\/\" target=\"_blank\" rel=\"noopener\">nuestras redes sociales<\/a>, o ven a conocernos con nuestras promos:<\/p>\n<p>Temporada Media (no acumulables):<br \/>\nDescuento 10% para 7 noches en bungalow<br \/>\nNi\u00f1os gratis hasta el 19\/07 y a partir del 31\/08<br \/>\nPrimavera hasta un<a href=\"http:\/\/thelisresa.webcamp.fr\/list.php?camping=verneda&amp;track=2052020&amp;type=2&amp;typelocation=2&amp;nb_pers=0&amp;begin=05\/06\/2020&amp;end=07\/06\/2020&amp;duration=2&amp;beginType=0&amp;tolerance=0&amp;lang=es\" target=\"_blank\" rel=\"noopener\"> 30% de descuento en bungalow<\/a><\/p>\n<p>Aqu\u00ed podr\u00e1s practicar Turismo Activo, Turismo Responsable rodeado de los bueno que los Pirineos nos ofrece. \u00a1Te esperamos este verano a lo #VIDAVerneda!<\/p>\n","protected":false},"excerpt":{"rendered":"<p>Este d\u00eda lo tenemos siempre se\u00f1alado en nuestro calendario ya que el Medio Ambiente es literalmente nuestra casa. Verneda Camping Mountain Resort est\u00e1 ubicado en [&hellip;]<\/p>\n","protected":false},"author":1,"featured_media":3494,"comment_status":"open","ping_status":"open","sticky":false,"template":"","format":"standard","meta":[],"categories":[71],"tags":[1149,1148,93,51,696,1146,1147,818],"_links":{"self":[{"href":"http:\/\/www.campingverneda.com\/blog\/wp-json\/wp\/v2\/posts\/3493"}],"collection":[{"href":"http:\/\/www.campingverneda.com\/blog\/wp-json\/wp\/v2\/posts"}],"about":[{"href":"http:\/\/www.campingverneda.com\/blog\/wp-json\/wp\/v2\/types\/post"}],"author":[{"embeddable":true,"href":"http:\/\/www.campingverneda.com\/blog\/wp-json\/wp\/v2\/users\/1"}],"replies":[{"embeddable":true,"href":"http:\/\/www.campingverneda.com\/blog\/wp-json\/wp\/v2\/comments?post=3493"}],"version-history":[{"count":8,"href":"http:\/\/www.campingverneda.com\/blog\/wp-json\/wp\/v2\/posts\/3493\/revisions"}],"predecessor-version":[{"id":3504,"href":"http:\/\/www.campingverneda.com\/blog\/wp-json\/wp\/v2\/posts\/3493\/revisions\/3504"}],"wp:featuredmedia":[{"embeddable":true,"href":"http:\/\/www.campingverneda.com\/blog\/wp-json\/wp\/v2\/media\/3494"}],"wp:attachment":[{"href":"http:\/\/www.campingverneda.com\/blog\/wp-json\/wp\/v2\/media?parent=3493"}],"wp:term":[{"taxonomy":"category","embeddable":true,"href":"http:\/\/www.campingverneda.com\/blog\/wp-json\/wp\/v2\/categories?post=3493"},{"taxonomy":"post_tag","embeddable":true,"href":"http:\/\/www.campingverneda.com\/blog\/wp-json\/wp\/v2\/tags?post=3493"}],"curies":[{"name":"wp","href":"https:\/\/api.w.org\/{rel}","templated":true}]}}