{"id":3479,"date":"2020-05-15T07:45:11","date_gmt":"2020-05-15T07:45:11","guid":{"rendered":"http:\/\/www.campingverneda.com\/blog\/?p=3479"},"modified":"2020-09-03T16:49:16","modified_gmt":"2020-09-03T16:49:16","slug":"vacaciones-en-familia-en-la-val-daran","status":"publish","type":"post","link":"http:\/\/www.campingverneda.com\/blog\/2020\/05\/15\/vacaciones-en-familia-en-la-val-daran\/","title":{"rendered":"Vacaciones en familia en la Val d\u2019Aran"},"content":{"rendered":"<p>Durante estos d\u00edas de confinamiento, las familias han visto alteradas sus rutinas. Pap\u00e1s y mam\u00e1s est\u00e1n desarrollando un papel esencial (todav\u00eda m\u00e1s) en la educaci\u00f3n de los m\u00e1s peque\u00f1os de la casa, ya que adem\u00e1s de seguir realizando sus quehaceres diarios, se han convertido en profesores, educadores y animadores infantiles. Una situaci\u00f3n que ha puesto de manifiesto la importancia de nuestros profesores, de los centros educativos, de las guarder\u00edas e incluso de aquellas actividades de fin de semana, como ir en bicicleta todos juntos o salir a caminar a la monta\u00f1a.<\/p>\n<p>Las anheladas <strong>vacaciones de verano<\/strong> ya est\u00e1n a la vuelta de la esquina, y como todos los a\u00f1os, desde Verneda Camping Mountain Resort estamos deseando ver de nuevo a todos aquellos ni\u00f1os y ni\u00f1as corriendo por nuestras <a href=\"https:\/\/www.campingverneda.com\/\" target=\"_blank\" rel=\"noopener\">amplias parcelas de c\u00e9sped fresco<\/a>, subiendo y bajando con sus bicicletas, jugando en el campo de f\u00fatbol, haciendo nuevos amigos, descubriendo sendas secretas por el bosque adyacente al camping\u2026 \u00a1Siempre al aire libre y con m\u00e1s de 15.000 metros de terreno para disfrutar! Y aunque por el momento estamos a la espera de conocer las medidas de seguridad que podr\u00edan afectar al desarrollo habitual de las actividades infantiles\u00a0debido a la actual situaci\u00f3n, estamos convencidos que los m\u00e1s peque\u00f1os de la casa seguir\u00edan exprimiendo sus <a href=\"https:\/\/www.instagram.com\/vida_verneda\/\" target=\"_blank\" rel=\"noopener\">d\u00edas a lo #VIDAVerneda<\/a> m\u00e1s que nunca.<\/p>\n<div class=\"video-shortcode\"><iframe loading=\"lazy\" width=\"1778\" height=\"1000\" src=\"https:\/\/www.youtube.com\/embed\/wwwH71L0kRY?feature=oembed\" frameborder=\"0\" allow=\"accelerometer; autoplay; encrypted-media; gyroscope; picture-in-picture\" allowfullscreen><\/iframe><\/div>\n<p>Las <a href=\"https:\/\/www.campingverneda.com\/rutas\" target=\"_blank\" rel=\"noopener\">excursiones en familia<\/a> se van a convertir en una actividad esencial para realizar todos juntos. Y sin duda, <strong>la Val d\u2019Aran es un destino ideal para hacerlo<\/strong>. Nuestras amplias monta\u00f1as ofrecen un sinf\u00edn de posibilidades para <strong>seguir compartiendo momentos en familia<\/strong>. Pasear por los bosques, redescubrir las flores, mojar los pies en los lagos, ba\u00f1arse en el r\u00edo\u2026 Este rinc\u00f3n del Pirineo es un aut\u00e9ntico remanso de paz y tranquilidad lejos de las aglomeraciones de otros destinos tur\u00edsticos.<\/p>\n<p>Hoy celebramos con todos vosotros el <strong>D\u00eda Internacional de las Familias<\/strong>. Un d\u00eda que queremos que sea diario, porque las familias son las que est\u00e1n a las buenas y a las malas, sin condiciones. Por eso desde Verneda Camping Mountain Resort este verano queremos daros un premio a todas aquellas familias que dese\u00e1is venir a disfrutar de la #VIDAVerneda: a partir del pr\u00f3ximo 22 de mayo (con la reapertura de algunos de nuestros bungalows) hasta el 19 de julio, y a partir del 31 de agosto, <strong>los ni\u00f1os <\/strong>(hasta 12 a\u00f1os)<strong> vienen gratis como invitados de honor<\/strong>.<br \/>\nEsta promoci\u00f3n no es acumulable a otras promociones y la estancia m\u00ednima es de 3 noches. Y para poder disfrutarla tan s\u00f3lo ten\u00e9is que contactar por email o por tel\u00e9fono.<\/p>\n<p>\u00bfOs anim\u00e1is? Y recordad que pod\u00e9is realizar vuestra reserva ya mismo, sin necesidad de pagar nada hasta que no conozcamos todas las medidas sanitarias y de seguridad por parte de la autoridad competente que pudieran afectar al desarrollo de la normalidad habitual del camping.<br \/>\n\u00a1Estamos deseando veros!<\/p>\n","protected":false},"excerpt":{"rendered":"<p>Durante estos d\u00edas de confinamiento, las familias han visto alteradas sus rutinas. Pap\u00e1s y mam\u00e1s est\u00e1n desarrollando un papel esencial (todav\u00eda m\u00e1s) en la educaci\u00f3n [&hellip;]<\/p>\n","protected":false},"author":1,"featured_media":3483,"comment_status":"open","ping_status":"open","sticky":false,"template":"","format":"standard","meta":[],"categories":[72],"tags":[1145,311,13,818],"_links":{"self":[{"href":"http:\/\/www.campingverneda.com\/blog\/wp-json\/wp\/v2\/posts\/3479"}],"collection":[{"href":"http:\/\/www.campingverneda.com\/blog\/wp-json\/wp\/v2\/posts"}],"about":[{"href":"http:\/\/www.campingverneda.com\/blog\/wp-json\/wp\/v2\/types\/post"}],"author":[{"embeddable":true,"href":"http:\/\/www.campingverneda.com\/blog\/wp-json\/wp\/v2\/users\/1"}],"replies":[{"embeddable":true,"href":"http:\/\/www.campingverneda.com\/blog\/wp-json\/wp\/v2\/comments?post=3479"}],"version-history":[{"count":5,"href":"http:\/\/www.campingverneda.com\/blog\/wp-json\/wp\/v2\/posts\/3479\/revisions"}],"predecessor-version":[{"id":3491,"href":"http:\/\/www.campingverneda.com\/blog\/wp-json\/wp\/v2\/posts\/3479\/revisions\/3491"}],"wp:featuredmedia":[{"embeddable":true,"href":"http:\/\/www.campingverneda.com\/blog\/wp-json\/wp\/v2\/media\/3483"}],"wp:attachment":[{"href":"http:\/\/www.campingverneda.com\/blog\/wp-json\/wp\/v2\/media?parent=3479"}],"wp:term":[{"taxonomy":"category","embeddable":true,"href":"http:\/\/www.campingverneda.com\/blog\/wp-json\/wp\/v2\/categories?post=3479"},{"taxonomy":"post_tag","embeddable":true,"href":"http:\/\/www.campingverneda.com\/blog\/wp-json\/wp\/v2\/tags?post=3479"}],"curies":[{"name":"wp","href":"https:\/\/api.w.org\/{rel}","templated":true}]}}