{"id":3427,"date":"2020-02-28T18:10:54","date_gmt":"2020-02-28T18:10:54","guid":{"rendered":"http:\/\/www.campingverneda.com\/blog\/?p=3427"},"modified":"2020-03-17T15:00:31","modified_gmt":"2020-03-17T15:00:31","slug":"celebra-el-dia-del-padre-en-la-val-daran","status":"publish","type":"post","link":"http:\/\/www.campingverneda.com\/blog\/2020\/02\/28\/celebra-el-dia-del-padre-en-la-val-daran\/","title":{"rendered":"El d\u00eda del padre en la Val d&#8217;Aran"},"content":{"rendered":"<p>Uno de los mejores aspectos que tiene<b> la Val d&#8217;Aran<\/b> respecto al turismo, es la <strong>oferta<\/strong><b>\u00a0de alternativas para distintos tipos de visitantes, en especial, las familias<\/b>.<span class=\"Apple-converted-space\">\u00a0<\/span><\/p>\n<p><b>Un lugar <\/b><a href=\"https:\/\/www.facebook.com\/VernedaCampingMountainResort\/\" target=\"_blank\" rel=\"noopener\"><b>cargado de opciones y actividades<\/b><\/a>\u00a0para crecer en familia. Uno de las mejores ocasiones para hacerlo es el del D\u00eda del Padre, o lo que es lo mismo, el puente de San Jos\u00e9. \u00a0<strong>D<\/strong><b>escubrir junto a s\u00faper pap\u00e1 los paisajes y lugares m\u00e1s interesantes de la Val d&#8217;Aran\u00a0<\/b>puede ser toda una aventura.<span class=\"Apple-converted-space\">\u00a0<\/span><\/p>\n<p>Para disfrutar de la nieve con lxs m\u00e1s peques, solo es necesario\u00a0<b>encontrar una buena pendiente nevada en la que hacer carreras con trineo.<\/b>\u00a0Cualquiera vuelve a la infancia desliz\u00e1ndose monta\u00f1a abajo, pero solo tu crear\u00e1s instantes \u00fanicos que se convertir\u00e1n en recuerdos para toda la vida.<\/p>\n<p>Por las dudas,\u00a0<strong><a href=\"https:\/\/www.instagram.com\/vida_verneda\/\" target=\"_blank\" rel=\"noopener\">consulta<\/a><\/strong><a href=\"https:\/\/www.instagram.com\/vida_verneda\/\" target=\"_blank\" rel=\"noopener\"><b>\u00a0a nuestro staff<\/b><\/a><b>, \u00a1seguro que te consiguen el trineo m\u00e1s r\u00e1pido!<\/b><span class=\"Apple-converted-space\">\u00a0<\/span><\/p>\n<p>Otro plan en familia que no puede faltar: <b>conocer la fauna local visitando Aran Park.<\/b>\u00a0Un lugar donde conviven<b> m\u00e1s de 16 especies de animales propias del ecosistema aran\u00e9s<\/b> en su h\u00e1bitat natural.<span class=\"Apple-converted-space\">\u00a0<\/span><\/p>\n<p>Y para aquellxs pap\u00e1s de culo inquieto&#8230;\u00a0<b>en el Palai de G\u00e8u encontrar\u00e9is una estupenda pista de hielo en la que echaros unas risas todxs juntxs.<\/b><\/p>\n<p>Si el tiempo lo permite, visitar alguno de los rincones m\u00e1s emblem\u00e1ticos araneses siempre es un buen plan. <strong>E<\/strong><b>l Saut deh Pish, la Bassa d&#8217;Oles o La Artiga de Lin y sus Uelhs deth Jueu<\/b> permiten a lxs visitantes <b>acceder con veh\u00edculo<\/b>, as\u00ed que no hay excusas para explorar en familia.<\/p>\n<p><a href=\"https:\/\/www.campingverneda.com\/informacion-turistica\" target=\"_blank\" rel=\"noopener\"><b>\u00a1Preg\u00fantanos!<\/b><\/a><b> Desde nuestra ubicaci\u00f3n se puede llegar a varios de ellos en muy poco tiempo<\/b>.<span class=\"Apple-converted-space\">\u00a0<\/span><\/p>\n<p>Como cada a\u00f1o, <b>nos gusta hacer el regalo por adelantado: <\/b><a href=\"http:\/\/thelisresa.webcamp.fr\/list.php?camping=verneda&amp;track=2222020&amp;type=2&amp;typelocation=2&amp;nb_pers=0&amp;begin=18\/03\/2020&amp;end=22\/03\/2020&amp;duration=4&amp;beginType=0&amp;tolerance=0&amp;lang=es\" target=\"_blank\" rel=\"noopener\">reservando del 18 al 22 de marzo, puedes llevarte hasta <strong>un 30% de descuento.<\/strong><\/a><\/p>\n<p>\u00a1Feliz d\u00eda del padre!<\/p>\n<p>Feliz #VIDAVerneda<\/p>\n","protected":false},"excerpt":{"rendered":"<p>Uno de los mejores aspectos que tiene la Val d&#8217;Aran respecto al turismo, es la oferta\u00a0de alternativas para distintos tipos de visitantes, en especial, las [&hellip;]<\/p>\n","protected":false},"author":1,"featured_media":3430,"comment_status":"open","ping_status":"open","sticky":false,"template":"","format":"standard","meta":[],"categories":[73,72],"tags":[],"_links":{"self":[{"href":"http:\/\/www.campingverneda.com\/blog\/wp-json\/wp\/v2\/posts\/3427"}],"collection":[{"href":"http:\/\/www.campingverneda.com\/blog\/wp-json\/wp\/v2\/posts"}],"about":[{"href":"http:\/\/www.campingverneda.com\/blog\/wp-json\/wp\/v2\/types\/post"}],"author":[{"embeddable":true,"href":"http:\/\/www.campingverneda.com\/blog\/wp-json\/wp\/v2\/users\/1"}],"replies":[{"embeddable":true,"href":"http:\/\/www.campingverneda.com\/blog\/wp-json\/wp\/v2\/comments?post=3427"}],"version-history":[{"count":6,"href":"http:\/\/www.campingverneda.com\/blog\/wp-json\/wp\/v2\/posts\/3427\/revisions"}],"predecessor-version":[{"id":3441,"href":"http:\/\/www.campingverneda.com\/blog\/wp-json\/wp\/v2\/posts\/3427\/revisions\/3441"}],"wp:featuredmedia":[{"embeddable":true,"href":"http:\/\/www.campingverneda.com\/blog\/wp-json\/wp\/v2\/media\/3430"}],"wp:attachment":[{"href":"http:\/\/www.campingverneda.com\/blog\/wp-json\/wp\/v2\/media?parent=3427"}],"wp:term":[{"taxonomy":"category","embeddable":true,"href":"http:\/\/www.campingverneda.com\/blog\/wp-json\/wp\/v2\/categories?post=3427"},{"taxonomy":"post_tag","embeddable":true,"href":"http:\/\/www.campingverneda.com\/blog\/wp-json\/wp\/v2\/tags?post=3427"}],"curies":[{"name":"wp","href":"https:\/\/api.w.org\/{rel}","templated":true}]}}