{"id":3419,"date":"2020-02-11T15:32:41","date_gmt":"2020-02-11T15:32:41","guid":{"rendered":"http:\/\/www.campingverneda.com\/blog\/?p=3419"},"modified":"2020-02-11T15:32:41","modified_gmt":"2020-02-11T15:32:41","slug":"planes-invierno-val-daran","status":"publish","type":"post","link":"http:\/\/www.campingverneda.com\/blog\/2020\/02\/11\/planes-invierno-val-daran\/","title":{"rendered":"Planes de invierno en la Val d&#8217;Aran"},"content":{"rendered":"<p><b>La Val d&#8217;Aran es un rinconcito m\u00e1gico de los Pirineos<\/b> en los que encontrar\u00e1s una infinidad de <b>actividades que realizar seg\u00fan tus planes<\/b>. Visitarla en invierno es la mejor manera de descubrir la belleza de la nieve y la calma que se respira dentro de estos paisajes \u00fanicos.<span class=\"Apple-converted-space\">\u00a0<\/span><\/p>\n<p><b>Aquellxs amantes del turismo activo, encuentran en la Val d&#8217;Aran <\/b><a href=\"https:\/\/www.instagram.com\/vida_verneda\/\" target=\"_blank\" rel=\"noopener\"><b>un destino magn\u00edfico<\/b><\/a> y es que, adem\u00e1s de tener<b> la mejor estaci\u00f3n de esqu\u00ed nacional<\/b>, sus monta\u00f1as son el lugar ideal para atreverse con otras disciplinas monta\u00f1eras.<span class=\"Apple-converted-space\">\u00a0<\/span><\/p>\n<p>Tanto si sois noveles o expertxs, un planazo es animarse a investigar alguna de las <b>cientos de rutas de esqu\u00ed de monta\u00f1a<\/b> que se reparten a lo largo y ancho del valle. Si por el contrario el esqu\u00ed no es lo vuestro, o prefer\u00eds descubrir la belleza natural de este lugar de una manera diferente, <b>la Val d&#8217;Aran es un destino sin igual para realizar rutas con raquetas de nieve<\/b>.<\/p>\n<p>\u00bfOs apetece algo m\u00e1s tranquilo? Lxs aficionadxs al<b> buen comer y el <i>slowfood<\/i><\/b> est\u00e1n de enhorabuena. <b>La cocina aranesa a\u00fana los productos t\u00edpicos de la zona en forma de recetas hist\u00f3ricas<\/b> y perfectas para combatir el fr\u00edo y conocer un poco m\u00e1s de la<b> <\/b><a href=\"https:\/\/www.facebook.com\/VernedaCampingMountainResort\/\" target=\"_blank\" rel=\"noopener\"><b>cultura aranesa<\/b><\/a>.<span class=\"Apple-converted-space\">\u00a0<\/span><\/p>\n<p>Adem\u00e1s, la tradici\u00f3n hostelera del valle ha hecho que hoy en d\u00eda encontremos <b>cocina fusi\u00f3n<\/b> de rechupete en la que se combina lo moderno y lo tradicional, <b>largas barras de pintxos<\/b> que nada tienen que envidiar a los de nuestrxs amigxs de Euskal Herria y <b>cocina de diferentes lugares del planeta<\/b>.<span class=\"Apple-converted-space\">\u00a0<\/span><\/p>\n<p><b>Si os apasiona la tradici\u00f3n y la cultura, la Ruta del Rom\u00e1nico o museos como el de Joan Chiquet o el etnol\u00f3gico de Bagergue<\/b> son excelentes actividades para descubrir la <b>historia \u00fanica de la Val d&#8217;Aran<\/b>.<span class=\"Apple-converted-space\">\u00a0<\/span><\/p>\n<p>Para finalizar la jornada, nada mejor que relajarse en las <b>Termas de la Baron\u00eda de Les<\/b> o en <b>nuestros acogedores <\/b><a href=\"https:\/\/www.campingverneda.com\/bungalows\" target=\"_blank\" rel=\"noopener\"><b>bungalows<\/b><\/a><b>,<\/b> al lado de la estufa, mientras recordamos los momentos coleccionados durante el d\u00eda disfrutando de un lugar m\u00e1gico y la amabilidad de sus habitantes.<\/p>\n","protected":false},"excerpt":{"rendered":"<p>La Val d&#8217;Aran es un rinconcito m\u00e1gico de los Pirineos en los que encontrar\u00e1s una infinidad de actividades que realizar seg\u00fan tus planes. Visitarla en [&hellip;]<\/p>\n","protected":false},"author":1,"featured_media":3420,"comment_status":"open","ping_status":"open","sticky":false,"template":"","format":"standard","meta":[],"categories":[71,73],"tags":[352,17,1130,1132,131,348,311,117,720,326,318,13,818,74,1131],"_links":{"self":[{"href":"http:\/\/www.campingverneda.com\/blog\/wp-json\/wp\/v2\/posts\/3419"}],"collection":[{"href":"http:\/\/www.campingverneda.com\/blog\/wp-json\/wp\/v2\/posts"}],"about":[{"href":"http:\/\/www.campingverneda.com\/blog\/wp-json\/wp\/v2\/types\/post"}],"author":[{"embeddable":true,"href":"http:\/\/www.campingverneda.com\/blog\/wp-json\/wp\/v2\/users\/1"}],"replies":[{"embeddable":true,"href":"http:\/\/www.campingverneda.com\/blog\/wp-json\/wp\/v2\/comments?post=3419"}],"version-history":[{"count":2,"href":"http:\/\/www.campingverneda.com\/blog\/wp-json\/wp\/v2\/posts\/3419\/revisions"}],"predecessor-version":[{"id":3422,"href":"http:\/\/www.campingverneda.com\/blog\/wp-json\/wp\/v2\/posts\/3419\/revisions\/3422"}],"wp:featuredmedia":[{"embeddable":true,"href":"http:\/\/www.campingverneda.com\/blog\/wp-json\/wp\/v2\/media\/3420"}],"wp:attachment":[{"href":"http:\/\/www.campingverneda.com\/blog\/wp-json\/wp\/v2\/media?parent=3419"}],"wp:term":[{"taxonomy":"category","embeddable":true,"href":"http:\/\/www.campingverneda.com\/blog\/wp-json\/wp\/v2\/categories?post=3419"},{"taxonomy":"post_tag","embeddable":true,"href":"http:\/\/www.campingverneda.com\/blog\/wp-json\/wp\/v2\/tags?post=3419"}],"curies":[{"name":"wp","href":"https:\/\/api.w.org\/{rel}","templated":true}]}}