{"id":3413,"date":"2020-01-26T10:01:48","date_gmt":"2020-01-26T10:01:48","guid":{"rendered":"http:\/\/www.campingverneda.com\/blog\/?p=3413"},"modified":"2020-03-17T15:00:50","modified_gmt":"2020-03-17T15:00:50","slug":"promociones-invernales-a-lo-vidaverneda","status":"publish","type":"post","link":"http:\/\/www.campingverneda.com\/blog\/2020\/01\/26\/promociones-invernales-a-lo-vidaverneda\/","title":{"rendered":"Promociones invernales a lo #VIDAVerneda"},"content":{"rendered":"<p>\u00bfApetece una escapada a la monta\u00f1a? \u00bfTienes ganas de invierno?<\/p>\n<p>Tanto adultos como ni\u00f1os necesitamos desconectar de vez en cuando, y la mejor forma de hacerlo es escap\u00e1ndonos a la naturaleza a respirar aire puro, y no hay mejor lugar que la Val d\u2019Aran para hacerlo.<\/p>\n<div id=\"attachment_3415\" style=\"width: 340px\" class=\"wp-caption alignright\"><a href=\"http:\/\/www.campingverneda.com\/blog\/2020\/01\/26\/promociones-invernales-a-lo-vidaverneda\/verneda-mountain-bungalow-vielha\/\" rel=\"attachment wp-att-3415\"><img aria-describedby=\"caption-attachment-3415\" decoding=\"async\" loading=\"lazy\" class=\" wp-image-3415\" src=\"http:\/\/www.campingverneda.com\/blog\/wp-content\/uploads\/2020\/01\/verneda-mountain-bungalow-vielha.jpg\" alt=\"\" width=\"330\" height=\"440\" srcset=\"http:\/\/www.campingverneda.com\/blog\/wp-content\/uploads\/2020\/01\/verneda-mountain-bungalow-vielha-200x267.jpg 200w, http:\/\/www.campingverneda.com\/blog\/wp-content\/uploads\/2020\/01\/verneda-mountain-bungalow-vielha-225x300.jpg 225w, http:\/\/www.campingverneda.com\/blog\/wp-content\/uploads\/2020\/01\/verneda-mountain-bungalow-vielha-400x533.jpg 400w, http:\/\/www.campingverneda.com\/blog\/wp-content\/uploads\/2020\/01\/verneda-mountain-bungalow-vielha-600x800.jpg 600w, http:\/\/www.campingverneda.com\/blog\/wp-content\/uploads\/2020\/01\/verneda-mountain-bungalow-vielha-768x1024.jpg 768w, http:\/\/www.campingverneda.com\/blog\/wp-content\/uploads\/2020\/01\/verneda-mountain-bungalow-vielha-800x1067.jpg 800w, http:\/\/www.campingverneda.com\/blog\/wp-content\/uploads\/2020\/01\/verneda-mountain-bungalow-vielha.jpg 1200w\" sizes=\"(max-width: 330px) 100vw, 330px\" \/><\/a><p id=\"caption-attachment-3415\" class=\"wp-caption-text\">Vacaciones en familia<\/p><\/div>\n<p>La mejor forma de comprender el significado de un invierno en la monta\u00f1a es venir a la #VIDAVerneda: despertarse sin prisa en plena naturaleza, realizar excursiones a la nieve en familia, ir a esquiar con los amigos, hacer una escapada rom\u00e1ntica sin ni\u00f1os, relajarse en una termas rodeado de este paisaje alpino, degustar y relamerse con los productos locales, perderse por las calles de los pueblos araneses y conocer sus costumbres, y muchas otras opciones que se pueden vivir en este valle de los Pirineos.<\/p>\n<p>Y qu\u00e9 mejor aliciente para vosotros, que ofreceros ventajas y descuentos. Por eso, adem\u00e1s de ofreceros una alternativa a vuestras vacaciones de invierno en la Val d\u2019Aran, os lo queremos poner f\u00e1cil en esta cuesta de enero con varias <strong>promociones para todo el invierno<\/strong>.<\/p>\n<ul>\n<li><strong>Si eres un\/a apasionado\/a del esqu\u00ed n\u00f3rdico y la Marxa Beret<\/strong> es tu evento se\u00f1alado de la temporada, os ofrecemos un <a href=\"http:\/\/thelisresa.webcamp.fr\/list.php?camping=verneda&amp;track=412020&amp;type=2&amp;typelocation=2&amp;nb_pers=2&amp;begin=31\/01\/2020&amp;end=02\/02\/2020&amp;duration=2&amp;beginType=0&amp;tolerance=0&amp;lang=es\" target=\"_blank\" rel=\"noopener\">15% de descuento en nuestros bungalows<\/a>. Tan s\u00f3lo ten\u00e9is que presentarnos vuestra inscripci\u00f3n y se\u00f1alar en vuestro email nuestro cup\u00f3n descuento MARXAVERNEDA.<\/li>\n<li>Si tienes la suerte de tener <strong>vacaciones durante el mes de febrero<\/strong>, aprovecha a fondo las Semanas Blancas (del 6 de febrero al 8 de marzo) con un <a href=\"http:\/\/thelisresa.webcamp.fr\/list.php?camping=verneda&amp;track=412020&amp;type=2&amp;typelocation=2&amp;nb_pers=0&amp;begin=20\/02\/2020&amp;end=24\/02\/2020&amp;duration=4&amp;beginType=0&amp;tolerance=0&amp;lang=es\" target=\"_blank\" rel=\"noopener\">descuento del 20% para estancias de 4 noches<\/a> en nuestros bungalows.<\/li>\n<li>\u00bfQu\u00e9 s\u00f3lo tienes fines de semana? Pues tambi\u00e9n te lo ponemos f\u00e1cil con un <a href=\"http:\/\/thelisresa.webcamp.fr\/list.php?camping=verneda&amp;track=312020&amp;type=2&amp;typelocation=2&amp;nb_pers=0&amp;begin=17\/01\/2020&amp;end=19\/01\/2020&amp;duration=2&amp;beginType=0&amp;tolerance=0&amp;lang=es\" target=\"_blank\" rel=\"noopener\">15% de descuento en alojamientos seleccionados<\/a>.<\/li>\n<li>Pero si prefieres huir de los fines de semana y lo tuyo es escaparte entre semana para estar tranquilo\/a, tambi\u00e9n tenemos una promoci\u00f3n para ti: <a href=\"http:\/\/thelisresa.webcamp.fr\/list.php?camping=verneda&amp;track=412020&amp;type=2&amp;typelocation=2&amp;nb_pers=0&amp;begin=16\/02\/2020&amp;end=20\/02\/2020&amp;duration=4&amp;beginType=0&amp;tolerance=0&amp;lang=es\" target=\"_blank\" rel=\"noopener\">del 7 de febrero al 8 de marzo ofertas de m\u00e1s del 20%<\/a>.<\/li>\n<\/ul>\n<p>\u00bfIrresistible, verdad? En Verneda Mountain Resort os lo ponemos f\u00e1cil. Ven y descubre la #VIDAVerneda y disfruta la Val d\u2019Aran. \u00a1Recuerda que somos alojamiento petfriendly!<\/p>\n","protected":false},"excerpt":{"rendered":"<p>\u00bfApetece una escapada a la monta\u00f1a? \u00bfTienes ganas de invierno? Tanto adultos como ni\u00f1os necesitamos desconectar de vez en cuando, y la mejor forma de [&hellip;]<\/p>\n","protected":false},"author":1,"featured_media":3414,"comment_status":"open","ping_status":"open","sticky":false,"template":"","format":"standard","meta":[],"categories":[73],"tags":[1129,48,49,1025,997,696,348,13,42,818],"_links":{"self":[{"href":"http:\/\/www.campingverneda.com\/blog\/wp-json\/wp\/v2\/posts\/3413"}],"collection":[{"href":"http:\/\/www.campingverneda.com\/blog\/wp-json\/wp\/v2\/posts"}],"about":[{"href":"http:\/\/www.campingverneda.com\/blog\/wp-json\/wp\/v2\/types\/post"}],"author":[{"embeddable":true,"href":"http:\/\/www.campingverneda.com\/blog\/wp-json\/wp\/v2\/users\/1"}],"replies":[{"embeddable":true,"href":"http:\/\/www.campingverneda.com\/blog\/wp-json\/wp\/v2\/comments?post=3413"}],"version-history":[{"count":2,"href":"http:\/\/www.campingverneda.com\/blog\/wp-json\/wp\/v2\/posts\/3413\/revisions"}],"predecessor-version":[{"id":3417,"href":"http:\/\/www.campingverneda.com\/blog\/wp-json\/wp\/v2\/posts\/3413\/revisions\/3417"}],"wp:featuredmedia":[{"embeddable":true,"href":"http:\/\/www.campingverneda.com\/blog\/wp-json\/wp\/v2\/media\/3414"}],"wp:attachment":[{"href":"http:\/\/www.campingverneda.com\/blog\/wp-json\/wp\/v2\/media?parent=3413"}],"wp:term":[{"taxonomy":"category","embeddable":true,"href":"http:\/\/www.campingverneda.com\/blog\/wp-json\/wp\/v2\/categories?post=3413"},{"taxonomy":"post_tag","embeddable":true,"href":"http:\/\/www.campingverneda.com\/blog\/wp-json\/wp\/v2\/tags?post=3413"}],"curies":[{"name":"wp","href":"https:\/\/api.w.org\/{rel}","templated":true}]}}