{"id":3404,"date":"2020-01-14T09:01:53","date_gmt":"2020-01-14T09:01:53","guid":{"rendered":"http:\/\/www.campingverneda.com\/blog\/?p=3404"},"modified":"2022-09-14T14:10:12","modified_gmt":"2022-09-14T14:10:12","slug":"7-motivos-para-visitar-la-val-daran","status":"publish","type":"post","link":"http:\/\/www.campingverneda.com\/blog\/2020\/01\/14\/7-motivos-para-visitar-la-val-daran\/","title":{"rendered":"7 motivos para visitar la Val d&#8217;Aran"},"content":{"rendered":"<p>Todas aquellas personas que visitan por primera vez la Val d&#8217;Aran quedan instant\u00e1neamente maravilladas por la belleza de su entorno, la proximidad de sus gentes y su particularidad, que intentamos resumir en 7 puntos para terminarte de convencer de que <b>tu pr\u00f3ximo destino debe ser esta joya de los Pirineos<\/b>.<\/p>\n<p>1- Paisaje \u00fanico: Todo lo que te hayan contado o hayas le\u00eddo por ah\u00ed, no se puede explicar con palabras. Y es que la belleza de la Val d&#8217;Aran hay que vivirla. El hecho de estar en contacto al 100% con una Naturaleza que deja sin habla, en un ecosistema de los m\u00e1s ricos a nivel de flora y fauna de todo el Pirineo, es una experiencia que hace que todx aquel\/la que viene, regrese en cuanto tiene oportunidad.<span class=\"Apple-converted-space\">\u00a0<\/span><\/p>\n<p>2- <b>La mejor estaci\u00f3n de esqu\u00ed del pa\u00eds, Baqueira Beret<\/b>: La Val d&#8217;Aran lleva el esqu\u00ed en su ADN, y es que desde hace m\u00e1s de 50 a\u00f1os que el esqu\u00ed alpino y los deportes de invierno en general, son uno de los pasatiempos m\u00e1s conocidos en tierras aranesas. Baqueira Beret es la responsable de que miles de aficionadxs al oro blanco nos visiten cada a\u00f1o para disfrutar de <b>la mejor estaci\u00f3n de esqu\u00ed<\/b> estatal.<span class=\"Apple-converted-space\">\u00a0<\/span><\/p>\n<p>3- <b>Cultura e identidad propias<\/b>: El hecho de ser un enclave fronterizo codiciado durante siglos por diferentes culturas, ha generado una cultura propia derivada de la gascona pero que ha forjado su propia identidad entre la magnitud de sus monta\u00f1as. Pese a estar aislada durante gran parte del tiempo anta\u00f1o, lxs aranesxs han desarrollado un car\u00e1cter entra\u00f1able y acogedor a todx aquel que les visita, <b>ofreciendo con orgullo una lengua, historia y cultura propias<\/b> que hacen de la Val d&#8217;Aran uno de los lugares m\u00e1s singulares de Europa.<span class=\"Apple-converted-space\">\u00a0<\/span><\/p>\n<p><a href=\"http:\/\/www.campingverneda.com\/blog\/2020\/01\/14\/7-motivos-para-visitar-la-val-daran\/camin-reiau-vcmr-val-daran-pirineo-turismo-activo\/\" rel=\"attachment wp-att-3407\"><img decoding=\"async\" loading=\"lazy\" class=\"alignnone size-full wp-image-3407\" src=\"http:\/\/www.campingverneda.com\/blog\/wp-content\/uploads\/2020\/01\/camin-reiau-vcmr-val-daran-pirineo-turismo-activo.jpg\" alt=\"\" width=\"1000\" height=\"750\" srcset=\"http:\/\/www.campingverneda.com\/blog\/wp-content\/uploads\/2020\/01\/camin-reiau-vcmr-val-daran-pirineo-turismo-activo-200x150.jpg 200w, http:\/\/www.campingverneda.com\/blog\/wp-content\/uploads\/2020\/01\/camin-reiau-vcmr-val-daran-pirineo-turismo-activo-300x225.jpg 300w, http:\/\/www.campingverneda.com\/blog\/wp-content\/uploads\/2020\/01\/camin-reiau-vcmr-val-daran-pirineo-turismo-activo-400x300.jpg 400w, http:\/\/www.campingverneda.com\/blog\/wp-content\/uploads\/2020\/01\/camin-reiau-vcmr-val-daran-pirineo-turismo-activo-600x450.jpg 600w, http:\/\/www.campingverneda.com\/blog\/wp-content\/uploads\/2020\/01\/camin-reiau-vcmr-val-daran-pirineo-turismo-activo-768x576.jpg 768w, http:\/\/www.campingverneda.com\/blog\/wp-content\/uploads\/2020\/01\/camin-reiau-vcmr-val-daran-pirineo-turismo-activo-800x600.jpg 800w, http:\/\/www.campingverneda.com\/blog\/wp-content\/uploads\/2020\/01\/camin-reiau-vcmr-val-daran-pirineo-turismo-activo.jpg 1000w\" sizes=\"(max-width: 1000px) 100vw, 1000px\" \/><\/a><\/p>\n<p>4- <b>Gastronom\u00eda para \u201cchuparse los dedos\u201d<\/b>: Como coment\u00e1bamos, la Val d&#8217;Aran se encuentra en un territorio que divide Francia y Espa\u00f1a. Esto ha hecho que con el paso de los a\u00f1os, se desarrolle una cocina propia que, aunque sus mayores influencias vengan de la cocina del sur de Francia, tambi\u00e9n se ha nutrido de las recetas elaboradas en Catalu\u00f1a y Euskal Herria, sin olvidar aquellas reminiscencias que han dejado los pueblos que han pasado al largo de los siglos por este paraje.<span class=\"Apple-converted-space\">\u00a0<\/span><\/p>\n<p>5-<b> Turismo activo todo el a\u00f1o<\/b>: Y es que la Val d&#8217;Aran no es s\u00f3lo la temporada de invierno. Este lugar goza de una belleza excepcional en cualquier \u00e9poca del a\u00f1o, siendo los meses sin nieve los preferidos por aquellos\/as <b>aficionados\/as al alpinismo, la escalada, el barranquismo, y cualquier tipo de deporte de monta\u00f1a.<\/b> \u00a1Sin olvidarnos de lxs aficionadxs a la <b>micolog\u00eda<\/b>!<span class=\"Apple-converted-space\">\u00a0<\/span><\/p>\n<p>6- <b>Rom\u00e1nico<\/b>: Dentro de la enorme variedad hist\u00f3rica y cultural de la Val d&#8217;Aran, la Ruta deth Rom\u00e1nic es de obligada visita para todxs aquellxs amantes de este periodo hist\u00f3rico. La variedad de <b>iglesias rom\u00e1nicas que pueblan los 33 pueblos de la Val d&#8217;Aran<\/b>, convierten el lugar en un para\u00edso donde cada uno de estos edificios abarca siglos de cultura e historia.<span class=\"Apple-converted-space\">\u00a0<\/span><\/p>\n<p>7- <b>Pueblos preciosos<\/b>: Adem\u00e1s de una Naturaleza que quita el hipo, la belleza arquitect\u00f3nica que desprenden todos y cada uno de los pueblos de la Val d&#8217;Aran, es un reclamo para sus visitantes. \u00bfTe imaginas perderte por las calles de un pueblo de cuento? Pues aqu\u00ed podr\u00e1s hacerlo, y no s\u00f3lo en uno, si no que tienes <b>m\u00e1s de 30 pueblos para visitar<\/b> y quedar maravilladx por la belleza de sus calles, sus casas y la gente que las habita.<span class=\"Apple-converted-space\">\u00a0<\/span><\/p>\n<p>\u00bfNecesitas m\u00e1s razones para venir? <a href=\"http:\/\/thelisresa.webcamp.fr\/list.php?camping=verneda&amp;track=312020&amp;type=2&amp;typelocation=2&amp;nb_pers=0&amp;begin=17\/01\/2020&amp;end=19\/01\/2020&amp;duration=2&amp;beginType=0&amp;tolerance=0&amp;lang=es\" target=\"_blank\" rel=\"noopener\">\u00a1Recuerda que somos un alojamiento petfriendly!<\/a> \u00a1Descubre la #VIDAVerneda!<\/p>\n","protected":false},"excerpt":{"rendered":"<p>Todas aquellas personas que visitan por primera vez la Val d&#8217;Aran quedan instant\u00e1neamente maravilladas por la belleza de su entorno, la proximidad de sus gentes [&hellip;]<\/p>\n","protected":false},"author":1,"featured_media":3405,"comment_status":"open","ping_status":"open","sticky":false,"template":"","format":"standard","meta":[],"categories":[71,73],"tags":[810,523,15,876,716,105,95,99,14,741,1122,1128,318,13],"_links":{"self":[{"href":"http:\/\/www.campingverneda.com\/blog\/wp-json\/wp\/v2\/posts\/3404"}],"collection":[{"href":"http:\/\/www.campingverneda.com\/blog\/wp-json\/wp\/v2\/posts"}],"about":[{"href":"http:\/\/www.campingverneda.com\/blog\/wp-json\/wp\/v2\/types\/post"}],"author":[{"embeddable":true,"href":"http:\/\/www.campingverneda.com\/blog\/wp-json\/wp\/v2\/users\/1"}],"replies":[{"embeddable":true,"href":"http:\/\/www.campingverneda.com\/blog\/wp-json\/wp\/v2\/comments?post=3404"}],"version-history":[{"count":5,"href":"http:\/\/www.campingverneda.com\/blog\/wp-json\/wp\/v2\/posts\/3404\/revisions"}],"predecessor-version":[{"id":3411,"href":"http:\/\/www.campingverneda.com\/blog\/wp-json\/wp\/v2\/posts\/3404\/revisions\/3411"}],"wp:featuredmedia":[{"embeddable":true,"href":"http:\/\/www.campingverneda.com\/blog\/wp-json\/wp\/v2\/media\/3405"}],"wp:attachment":[{"href":"http:\/\/www.campingverneda.com\/blog\/wp-json\/wp\/v2\/media?parent=3404"}],"wp:term":[{"taxonomy":"category","embeddable":true,"href":"http:\/\/www.campingverneda.com\/blog\/wp-json\/wp\/v2\/categories?post=3404"},{"taxonomy":"post_tag","embeddable":true,"href":"http:\/\/www.campingverneda.com\/blog\/wp-json\/wp\/v2\/tags?post=3404"}],"curies":[{"name":"wp","href":"https:\/\/api.w.org\/{rel}","templated":true}]}}