{"id":3400,"date":"2019-12-23T17:28:59","date_gmt":"2019-12-23T17:28:59","guid":{"rendered":"http:\/\/www.campingverneda.com\/blog\/?p=3400"},"modified":"2020-01-14T14:43:12","modified_gmt":"2020-01-14T14:43:12","slug":"planes-alternativos-esta-navidad","status":"publish","type":"post","link":"http:\/\/www.campingverneda.com\/blog\/2019\/12\/23\/planes-alternativos-esta-navidad\/","title":{"rendered":"Planes alternativos esta Navidad"},"content":{"rendered":"<p>Puede que estas Navidades la nieve no sea la \u00fanica protagonista, <b>los buenos planes nunca faltan<\/b>. Con esta \u2018meteo\u2019 tan agradable, con los picos nevados y el valle seco, <b>temperaturas m\u00e1s que positivas y brisa fresca<\/b>, existen infinidad de actividades que hacer.<\/p>\n<p><b>Eth Bosc de Carlac es un aut\u00e9ntico cl\u00e1sico de la Val d\u2019Aran<\/b>, sus enrevesados \u00e1rboles dan ese toque de misterio a la zona, con unos colores y formas \u00fanicos. Este bosque pertenece al pueblo de Bausen, uno de los m\u00e1s bonitos y mejor conservados del valle, pura tradici\u00f3n.<span class=\"Apple-converted-space\">\u00a0<\/span><\/p>\n<p>Ya que est\u00e1s por el Baish Aran, aprovecha para <b>subir a Canejan<\/b>, donde da el sol todo el d\u00eda y a m\u00e1s de 900 m de altura apreciar\u00e1s unas vistas incre\u00edbles. Desde ah\u00ed, puedes <b>visitar la Val de Tor\u00e1n<\/b>, y con ella <b>St Joan de Tor\u00e1n<\/b>, una zona algo menos frecuentada en estas fechas, pero que como el tiempo lo permite, vale la pena explorar.<\/p>\n<p>Y as\u00ed entre pueblo y pueblo descubrir\u00e1s la <b>ruta del Rom\u00e1nico<\/b>, historia y cultura representada a trav\u00e9s de nuestras iglesias, cerca de las cuales podr\u00e1s comer las mejores recetas de este trocito de Pirineo.<\/p>\n<p>Para los\/as m\u00e1s peques, el 23 a las 17h se celebra \u2018Era soca de Nadau\u2019 una picada de \u2018tronca\u2019 popular (tradici\u00f3n catalana navide\u00f1a). <b>El 28 a las 20h celebramos el XXI Festival de M\u00fasica de Oto\u00f1o en la plaza de la iglesia de St Miqu\u00e8u<\/b>, evento para todos\/as y gratuito.<span class=\"Apple-converted-space\">\u00a0<\/span><\/p>\n<p>Tambi\u00e9n puedes venir a <b>celebrar fin de a\u00f1o en la misma plaza el d\u00eda 31 a partir de las 23h.<\/b>, si no ten\u00edas donde festejar a\u00f1o nuevo\u2026 \u00a1Ahora s\u00ed!<\/p>\n<p>Una vez adentrados en el 2020, podremos <b>ver a los pajes de Oriente en Vielha el 3 de enero a las 19h.<\/b>, los\/as ni\u00f1os\/as se emocionan al verlos. Pero m\u00e1s a\u00fan cuando les ven en sus carruajes y les regalan caramelos, <b>\u00a1la cabalgata!, como cada a\u00f1o, ser\u00e1 el d\u00eda 5 a partir de las 18h<\/b>.<\/p>\n<p>Ahora que ya sabes que no todo es esqu\u00ed en la Val d\u2019Aran, aprovecha la ocasi\u00f3n y completa tu invierno con #VIDAVerneda.<span class=\"Apple-converted-space\">\u00a0<\/span><\/p>\n","protected":false},"excerpt":{"rendered":"<p>Puede que estas Navidades la nieve no sea la \u00fanica protagonista, los buenos planes nunca faltan. Con esta \u2018meteo\u2019 tan agradable, con los picos nevados [&hellip;]<\/p>\n","protected":false},"author":1,"featured_media":3401,"comment_status":"open","ping_status":"open","sticky":false,"template":"","format":"standard","meta":[],"categories":[1,71,69],"tags":[897,1125,11,1123,1126,1127,847,1120,1117,1116,1118,1119,1122,1121,1124],"_links":{"self":[{"href":"http:\/\/www.campingverneda.com\/blog\/wp-json\/wp\/v2\/posts\/3400"}],"collection":[{"href":"http:\/\/www.campingverneda.com\/blog\/wp-json\/wp\/v2\/posts"}],"about":[{"href":"http:\/\/www.campingverneda.com\/blog\/wp-json\/wp\/v2\/types\/post"}],"author":[{"embeddable":true,"href":"http:\/\/www.campingverneda.com\/blog\/wp-json\/wp\/v2\/users\/1"}],"replies":[{"embeddable":true,"href":"http:\/\/www.campingverneda.com\/blog\/wp-json\/wp\/v2\/comments?post=3400"}],"version-history":[{"count":1,"href":"http:\/\/www.campingverneda.com\/blog\/wp-json\/wp\/v2\/posts\/3400\/revisions"}],"predecessor-version":[{"id":3402,"href":"http:\/\/www.campingverneda.com\/blog\/wp-json\/wp\/v2\/posts\/3400\/revisions\/3402"}],"wp:featuredmedia":[{"embeddable":true,"href":"http:\/\/www.campingverneda.com\/blog\/wp-json\/wp\/v2\/media\/3401"}],"wp:attachment":[{"href":"http:\/\/www.campingverneda.com\/blog\/wp-json\/wp\/v2\/media?parent=3400"}],"wp:term":[{"taxonomy":"category","embeddable":true,"href":"http:\/\/www.campingverneda.com\/blog\/wp-json\/wp\/v2\/categories?post=3400"},{"taxonomy":"post_tag","embeddable":true,"href":"http:\/\/www.campingverneda.com\/blog\/wp-json\/wp\/v2\/tags?post=3400"}],"curies":[{"name":"wp","href":"https:\/\/api.w.org\/{rel}","templated":true}]}}