{"id":3394,"date":"2019-12-09T18:17:32","date_gmt":"2019-12-09T18:17:32","guid":{"rendered":"http:\/\/www.campingverneda.com\/blog\/?p=3394"},"modified":"2019-12-09T18:17:32","modified_gmt":"2019-12-09T18:17:32","slug":"dia-internacional-de-las-montanas-3","status":"publish","type":"post","link":"http:\/\/www.campingverneda.com\/blog\/2019\/12\/09\/dia-internacional-de-las-montanas-3\/","title":{"rendered":"D\u00eda Internacional de las Monta\u00f1as"},"content":{"rendered":"<p>El <b>11 de diciembre se rinde homenaje a una de las fuentes de recursos y vida m\u00e1s importante de nuestro planeta, las monta\u00f1as<\/b>. Estos espacios de biodiversidad y naturaleza salvaje se encuentran en peligro por la injusta actividad del hombre. <b>La desmesurada construcci\u00f3n y da\u00f1o del entorno, sumado a los efectos del cambio clim\u00e1tico, amenazan la salud de los hogares de miles de especies<\/b>, incluida la nuestra.<span class=\"Apple-converted-space\">\u00a0<\/span><\/p>\n<p>Las monta\u00f1as son uno de los primeros indicadores del cambio clim\u00e1tico y del mal uso que estamos haciendo de nuestros recursos. Un claro ejemplo lo encontramos situado en la cumbre m\u00e1s alta de los Pirineos. All\u00ed <b>el glaciar del Aneto<\/b>, bautizado bajo el nombre de la <b>Maladeta, ha retrocedido 20 metros desde los a\u00f1os 90. <span class=\"Apple-converted-space\">\u00a0<\/span><\/b><\/p>\n<p>El ocaso de esta ic\u00f3nica masa de hielo, que anta\u00f1o fue un icono de la conquista de los Pirineos, nos muestra <b>el peligroso camino en el que nos hemos embarcado<\/b>. Dentro de su cordillera monta\u00f1osa, la cual se extiende desde Catalunya hasta el Pa\u00eds Vasco, encontramos otros referentes rocosos como la Pica d\u2019Estats (3.145 metros) o el Monte Perdido (3.375 metros).<span class=\"Apple-converted-space\">\u00a0<\/span><\/p>\n<p><a href=\"https:\/\/www.instagram.com\/vida_verneda\/\" target=\"_blank\" rel=\"noopener\"><b>Verneda Camping Mountain Resort<\/b><\/a> est\u00e1 situado en la Val d\u2019Aran, en plano coraz\u00f3n de los Pirineos.<span class=\"Apple-converted-space\">\u00a0 <\/span>Nuestro entorno privilegiado se encuentra delimitado por estas barreras naturales, las cuales se encargan de proteger la magia del territorio aran\u00e9s.<span class=\"Apple-converted-space\">\u00a0<\/span><\/p>\n<p>A nuestro entender, <b>la conservaci\u00f3n y mantenimiento de nuestras monta\u00f1as nos permitir\u00e1 conservar el paisaje caracter\u00edstico que nos define.<\/b> Adem\u00e1s de <b>asegurar, con nuestros actos, la preservaci\u00f3n de la riqueza natural con la que contamos<\/b><\/p>\n<p>Por este motivo, queremos brindaros <b>algunos consejos para proteger nuestras monta\u00f1as.<\/b> Dejando de esta manera un legado puro y limpio a las generaciones venideras. Los tips para salvaguardar nuestros espacios son:<\/p>\n<p>\u00b7Utilizar transporte sostenible para acceder a ellos (bicicleta o paseo a pie).<\/p>\n<p>\u00b7Llevar la comida en tarteras o <i>tapper<\/i> reutilizables, prescindiendo de envases y utensilios de pl\u00e1stico de un s\u00f3lo uso.<\/p>\n<p>\u00b7Dejar el monte como nos lo hemos encontrado, no lanzar basura al suelo, y si encontramos basura ajena en nuestro camino, tambi\u00e9n recogerla.<\/p>\n<p>\u00b7No realizar actividades que aumenten el riego de incendio (hogueras\/barbacoas al aire libre, lanzar colillas al suelo ni dejar cristales rotos).<\/p>\n<p>\u00b7Respeta la fauna y flora del lugar. Ellos estaban all\u00ed antes que t\u00fa.<span class=\"Apple-converted-space\">\u00a0<\/span><\/p>\n<p>Ahora ya conoces algunos m\u00e9todos para reducir nuestro impacto sobre las monta\u00f1as. Para m\u00e1s informaci\u00f3n acerca de c\u00f3mo conocer los m\u00e1gicos rincones de la Val d\u2019Aran, preguntar a nuestro equipo en la recepci\u00f3n del camping. Ellos os ayudar\u00e1n a entornar las actividades que m\u00e1s se adecuen a vuestras inquietudes y necesidades.<span class=\"Apple-converted-space\">\u00a0<\/span><\/p>\n","protected":false},"excerpt":{"rendered":"<p>El 11 de diciembre se rinde homenaje a una de las fuentes de recursos y vida m\u00e1s importante de nuestro planeta, las monta\u00f1as. Estos espacios [&hellip;]<\/p>\n","protected":false},"author":1,"featured_media":3395,"comment_status":"open","ping_status":"open","sticky":false,"template":"","format":"standard","meta":[],"categories":[71,69],"tags":[890,1070,1043,713,1114,874,1115,911,552,1020,818],"_links":{"self":[{"href":"http:\/\/www.campingverneda.com\/blog\/wp-json\/wp\/v2\/posts\/3394"}],"collection":[{"href":"http:\/\/www.campingverneda.com\/blog\/wp-json\/wp\/v2\/posts"}],"about":[{"href":"http:\/\/www.campingverneda.com\/blog\/wp-json\/wp\/v2\/types\/post"}],"author":[{"embeddable":true,"href":"http:\/\/www.campingverneda.com\/blog\/wp-json\/wp\/v2\/users\/1"}],"replies":[{"embeddable":true,"href":"http:\/\/www.campingverneda.com\/blog\/wp-json\/wp\/v2\/comments?post=3394"}],"version-history":[{"count":2,"href":"http:\/\/www.campingverneda.com\/blog\/wp-json\/wp\/v2\/posts\/3394\/revisions"}],"predecessor-version":[{"id":3397,"href":"http:\/\/www.campingverneda.com\/blog\/wp-json\/wp\/v2\/posts\/3394\/revisions\/3397"}],"wp:featuredmedia":[{"embeddable":true,"href":"http:\/\/www.campingverneda.com\/blog\/wp-json\/wp\/v2\/media\/3395"}],"wp:attachment":[{"href":"http:\/\/www.campingverneda.com\/blog\/wp-json\/wp\/v2\/media?parent=3394"}],"wp:term":[{"taxonomy":"category","embeddable":true,"href":"http:\/\/www.campingverneda.com\/blog\/wp-json\/wp\/v2\/categories?post=3394"},{"taxonomy":"post_tag","embeddable":true,"href":"http:\/\/www.campingverneda.com\/blog\/wp-json\/wp\/v2\/tags?post=3394"}],"curies":[{"name":"wp","href":"https:\/\/api.w.org\/{rel}","templated":true}]}}