{"id":3382,"date":"2019-11-23T16:00:33","date_gmt":"2019-11-23T16:00:33","guid":{"rendered":"http:\/\/www.campingverneda.com\/blog\/?p=3382"},"modified":"2020-01-14T14:44:41","modified_gmt":"2020-01-14T14:44:41","slug":"cheque-regalo","status":"publish","type":"post","link":"http:\/\/www.campingverneda.com\/blog\/2019\/11\/23\/cheque-regalo\/","title":{"rendered":"Cheque REGALO"},"content":{"rendered":"<p><strong>La Navidad<\/strong> es uno de los pocos <strong>momentos del a\u00f1o donde nos podemos reunir con nuestros seres queridos<\/strong>. La idea es pasar tiempo y compartir vivencias con aquellas personas que vemos poco. Por este motivo, se nos presenta el momento id\u00f3neo para hacer una <strong>escapada en familia y\/o con amigos\/as<\/strong>.<\/p>\n<p>Unas escapadas que nos ayudan a <strong>estrechar la relaci\u00f3n que tenemos con nuestros\/as hijos\/as, pareja y personas favoritas<\/strong>. Un viaje lleno de <strong>experiencias y nuevos descubrimientos<\/strong> que generan un intenso <strong>recuerdo de diversi\u00f3n, felicidad y uni\u00f3n familiar<\/strong>. Por ello, el mejor regalo que pod\u00e9is haceros durante estas navidades es el <strong>Cheque Regalo<\/strong> de <a href=\"https:\/\/www.facebook.com\/VernedaCampingMountainResort\/\" target=\"_blank\" rel=\"noopener\">Verneda Camping Mountain Resort<\/a>.<\/p>\n<p>Este cheque regalo os permitir\u00e1 disfrutar de nuestro <strong>destino de monta\u00f1a favorito, la Val d\u2019Aran<\/strong>. Aqu\u00ed encontrar\u00e1s el camino ideal para <strong>conectar con el entorno<\/strong>. Sus abundantes espacios naturales, cargados de vida y harmon\u00eda, te permitir\u00e1n disfrutar de m\u00faltiples actividades, donde las maravillas de la naturaleza son las protagonistas.<\/p>\n<p><a href=\"http:\/\/www.campingverneda.com\/blog\/2019\/11\/23\/cheque-regalo\/verneda-mountain-resort-cheque-regalo\/\" rel=\"attachment wp-att-3383\"><img decoding=\"async\" loading=\"lazy\" class=\"alignnone size-full wp-image-3383\" src=\"http:\/\/www.campingverneda.com\/blog\/wp-content\/uploads\/2019\/11\/verneda-mountain-resort-cheque-regalo.jpg\" alt=\"\" width=\"945\" height=\"668\" srcset=\"http:\/\/www.campingverneda.com\/blog\/wp-content\/uploads\/2019\/11\/verneda-mountain-resort-cheque-regalo-200x141.jpg 200w, http:\/\/www.campingverneda.com\/blog\/wp-content\/uploads\/2019\/11\/verneda-mountain-resort-cheque-regalo-300x212.jpg 300w, http:\/\/www.campingverneda.com\/blog\/wp-content\/uploads\/2019\/11\/verneda-mountain-resort-cheque-regalo-400x283.jpg 400w, http:\/\/www.campingverneda.com\/blog\/wp-content\/uploads\/2019\/11\/verneda-mountain-resort-cheque-regalo-600x424.jpg 600w, http:\/\/www.campingverneda.com\/blog\/wp-content\/uploads\/2019\/11\/verneda-mountain-resort-cheque-regalo-768x543.jpg 768w, http:\/\/www.campingverneda.com\/blog\/wp-content\/uploads\/2019\/11\/verneda-mountain-resort-cheque-regalo-800x566.jpg 800w, http:\/\/www.campingverneda.com\/blog\/wp-content\/uploads\/2019\/11\/verneda-mountain-resort-cheque-regalo.jpg 945w\" sizes=\"(max-width: 945px) 100vw, 945px\" \/><\/a><\/p>\n<p>Con el fin de optimizar al m\u00e1ximo vuestra visita, os ofrecemos un <strong>cheque colaborativo<\/strong>. Diferentes entidades, adem\u00e1s de la nuestra, os brindar\u00e1n algunos de sus servicios. Nuestro objetivo es proporcionaros una <strong>experiencia integral en la nieve<\/strong>. Por este motivo, nuestra propuesta incluir\u00e1 servicios de distintivas entidades, orientadas a esa meta. La oferta incluir\u00e1*:<\/p>\n<p>\u00b7Noches de viernes y s\u00e1bado en los <strong>bungalows la Cabana, Humarau y Bordeta Luxe<\/strong>, de <a href=\"https:\/\/www.instagram.com\/vida_verneda\/\" target=\"_blank\" rel=\"noopener\">Verneda Camping Mountain Resort<\/a>.<br \/>\n\u00b7Descuento en el alquiler de material en <a href=\"https:\/\/www.facebook.com\/coposskicenter\/\" target=\"_blank\" rel=\"noopener\">Copos Skicenter<\/a>.<br \/>\n\u00b7Descuento en las termas Baronia de Les.<\/p>\n<p><strong>Los cheques regalo los encontrar\u00e9is en Verneda Camping Mountain Resort<\/strong>, ubicado a pocos minutos de Vielha.<\/p>\n<p>Regala aquello que quedan almacenado en nuestras emociones, en nuestros recuerdos. <strong>Regala momentos compartidos con #VIDAVerneda<\/strong>.<\/p>\n<p>*Fechas aplicables del Cheque Regalo 2019\/2020:<\/p>\n<p>13-15\/12\/19<br \/>\n20-22\/12\/2019<br \/>\n10-12\/01\/2020<br \/>\n17-19\/01\/2020<br \/>\n24-26\/01\/2020<br \/>\n12-16\/03\/2020<br \/>\n26-30\/03\/2020<\/p>\n<p>Reservas por tel\u00e9fono o mail<\/p>\n<p>Estancia de 2 noches en los siguientes alojamientos:<\/p>\n<p>Humarau 2 pax\/2 noches: 125\u20ac<br \/>\nCabana 2 pax\/2 noches: 160\u20ac<br \/>\nBordeta Luxe 4 pax \/2 noches: 225\u20ac<\/p>\n<p>Las condiciones que aplicamos son que lxs hu\u00e9spedes deber\u00e1n de <strong>abonar la totalidad del importe<\/strong> del cheque <strong>v\u00eda tarjeta de cr\u00e9dito<\/strong> una vez seleccionada la fecha, aunque con opci\u00f3n a cambiarla previo aviso de un m\u00ednimo de 15 d\u00edas. <strong>El cheque no es reembolsable<\/strong>, y lxs hu\u00e9spedes tendr\u00e1n todo incluido en el precio excepto la tasa tur\u00edstica y la ropa de cama y ba\u00f1o.<\/p>\n<p>Gracias por vuestro tiempo, \u00a1por m\u00e1s momentos compartidos!<\/p>\n","protected":false},"excerpt":{"rendered":"<p>La Navidad es uno de los pocos momentos del a\u00f1o donde nos podemos reunir con nuestros seres queridos. La idea es pasar tiempo y compartir [&hellip;]<\/p>\n","protected":false},"author":1,"featured_media":3385,"comment_status":"open","ping_status":"open","sticky":false,"template":"","format":"standard","meta":[],"categories":[73,70,72,69],"tags":[618,1112,17,721,1111,1110,1113,1109,818],"_links":{"self":[{"href":"http:\/\/www.campingverneda.com\/blog\/wp-json\/wp\/v2\/posts\/3382"}],"collection":[{"href":"http:\/\/www.campingverneda.com\/blog\/wp-json\/wp\/v2\/posts"}],"about":[{"href":"http:\/\/www.campingverneda.com\/blog\/wp-json\/wp\/v2\/types\/post"}],"author":[{"embeddable":true,"href":"http:\/\/www.campingverneda.com\/blog\/wp-json\/wp\/v2\/users\/1"}],"replies":[{"embeddable":true,"href":"http:\/\/www.campingverneda.com\/blog\/wp-json\/wp\/v2\/comments?post=3382"}],"version-history":[{"count":5,"href":"http:\/\/www.campingverneda.com\/blog\/wp-json\/wp\/v2\/posts\/3382\/revisions"}],"predecessor-version":[{"id":3393,"href":"http:\/\/www.campingverneda.com\/blog\/wp-json\/wp\/v2\/posts\/3382\/revisions\/3393"}],"wp:featuredmedia":[{"embeddable":true,"href":"http:\/\/www.campingverneda.com\/blog\/wp-json\/wp\/v2\/media\/3385"}],"wp:attachment":[{"href":"http:\/\/www.campingverneda.com\/blog\/wp-json\/wp\/v2\/media?parent=3382"}],"wp:term":[{"taxonomy":"category","embeddable":true,"href":"http:\/\/www.campingverneda.com\/blog\/wp-json\/wp\/v2\/categories?post=3382"},{"taxonomy":"post_tag","embeddable":true,"href":"http:\/\/www.campingverneda.com\/blog\/wp-json\/wp\/v2\/tags?post=3382"}],"curies":[{"name":"wp","href":"https:\/\/api.w.org\/{rel}","templated":true}]}}