{"id":3299,"date":"2019-09-17T08:34:14","date_gmt":"2019-09-17T08:34:14","guid":{"rendered":"http:\/\/www.campingverneda.com\/blog\/?p=3299"},"modified":"2019-09-17T09:42:37","modified_gmt":"2019-09-17T09:42:37","slug":"la-merce-en-la-val-daran","status":"publish","type":"post","link":"http:\/\/www.campingverneda.com\/blog\/2019\/09\/17\/la-merce-en-la-val-daran\/","title":{"rendered":"La Merc\u00e8 en la Val d\u2019Aran"},"content":{"rendered":"<p><span class=\"Apple-converted-space\">\u00a0<\/span>El <b>puente de la Merc\u00e8<\/b> brinda a todos los barceloneses la oportunidad de salir del ajetreo diario de la ciudad. La direcci\u00f3n ideal, <b>la monta\u00f1a<\/b>, lugar donde cargar las pilas rodeados de naturaleza. Si esta es vuestra elecci\u00f3n, entonces ten\u00e9is que venir a la <b>Val d\u2019Aran<\/b>. Aqu\u00ed disfrutar\u00e9is de un amplio abanico de actividades y propuestas por realizar, rodeados de un entorno natural privilegiado.<span class=\"Apple-converted-space\">\u00a0<\/span><\/p>\n<p>La actividad primaria es el <b>senderismo<\/b>. Conocer a pie, acompa\u00f1ado de tu familia y tu perro, las rutas y caminos que recorren el territorio. Entrando en contacto directo con el <b>paisaje singular de la zona, adem\u00e1s de descubrir la cultura aranesa atravesando sus pueblos<\/b>.<\/p>\n<p>Empezaremos con una excursi\u00f3n, apta para familias, para conocer la <b>riqueza natural del Valle.<\/b> Para llegar a su inicio, deberemos llegar hasta Es B\u00f2rdes, a 10 km de Vielha direcci\u00f3n Francia. Una vez all\u00ed, nos acercaremos por una pista asfaltada hasta <b>Uelhs Deth Jueu<\/b>. Cascada excepcional que trae sus aguas del Aneto. Aqu\u00ed es donde iniciaremos nuestra ruta camino de la <b>Artiga de Lin<\/b>, excepcional llano rodeado de monta\u00f1as vivas y verdes.<span class=\"Apple-converted-space\">\u00a0<\/span><\/p>\n<p><a href=\"http:\/\/www.campingverneda.com\/blog\/2019\/09\/17\/la-merce-en-la-val-daran\/ciervo-verneda-camping-mountain\/\" rel=\"attachment wp-att-3300\"><img decoding=\"async\" loading=\"lazy\" class=\"alignnone size-full wp-image-3300\" src=\"http:\/\/www.campingverneda.com\/blog\/wp-content\/uploads\/2019\/09\/ciervo-verneda-camping-mountain.jpg\" alt=\"\" width=\"945\" height=\"668\" srcset=\"http:\/\/www.campingverneda.com\/blog\/wp-content\/uploads\/2019\/09\/ciervo-verneda-camping-mountain-200x141.jpg 200w, http:\/\/www.campingverneda.com\/blog\/wp-content\/uploads\/2019\/09\/ciervo-verneda-camping-mountain-300x212.jpg 300w, http:\/\/www.campingverneda.com\/blog\/wp-content\/uploads\/2019\/09\/ciervo-verneda-camping-mountain-400x283.jpg 400w, http:\/\/www.campingverneda.com\/blog\/wp-content\/uploads\/2019\/09\/ciervo-verneda-camping-mountain-600x424.jpg 600w, http:\/\/www.campingverneda.com\/blog\/wp-content\/uploads\/2019\/09\/ciervo-verneda-camping-mountain-768x543.jpg 768w, http:\/\/www.campingverneda.com\/blog\/wp-content\/uploads\/2019\/09\/ciervo-verneda-camping-mountain-800x566.jpg 800w, http:\/\/www.campingverneda.com\/blog\/wp-content\/uploads\/2019\/09\/ciervo-verneda-camping-mountain.jpg 945w\" sizes=\"(max-width: 945px) 100vw, 945px\" \/><\/a><\/p>\n<p>Otra de las visitas obligadas es acercarse a <b>la<\/b> <b>cascada de Saut deth Pish<\/b>, entorno espectacular en que respirar profundamente y sentir la ca\u00edda del agua contra las piedras. Su facilidad de acceso lo convierte en un lugar id\u00f3neo para ir con toda la tropa. Este paraje se encuentra en la <b>Val de Barrad\u00f3s<\/b>, la cual inicia su carretera en el pueblo de Pont d\u2019Arr\u00f3s, justo al lado del camping.<span class=\"Apple-converted-space\">\u00a0<\/span><\/p>\n<p>Para terminar, descubrir los pueblos m\u00e1s desconocidos de la Val d\u2019Aran. Ubicados en la <b>Val de Tor\u00e1n<\/b>, la cual da comienzo en el pueblo de Puntaut, encontramos <b>Porcingles, Burdius, Sant Joan de Toran<span class=\"Apple-converted-space\">\u00a0 <\/span>y Eth Pradet<\/b>. Poblaciones que<span class=\"Apple-converted-space\">\u00a0 <\/span>conservan la herencia rural del territorio, reflejando la identidad y la cultura tradicional aranesa. <span class=\"Apple-converted-space\">\u00a0<\/span><\/p>\n<p>Desde <a href=\"https:\/\/www.instagram.com\/vida_verneda\/\" target=\"_blank\" rel=\"noopener\">Verneda Camping Mountain Resort<\/a>, queremos que veng\u00e1is a disfrutar de las maravillas de nuestra tierra. Por este motivo, os ofrecemos 3 noches al precio de 2 en el Humarau<b>, <\/b>pensando en la comodidad de de cada persona.<span class=\"Apple-converted-space\">\u00a0 <\/span><b>Esta promoci\u00f3n se inicia el 1 de septiembre<\/b>, funcionando solo entre semana (de domingo a jueves). Por otro lado, os presentamos una s\u00faper <b>promo de 40 noches al 20%, <\/b>para aquellos que quieren vivir la #VIDAVerneda como aut\u00e9nticos campistas.<span class=\"Apple-converted-space\">\u00a0<\/span><\/p>\n<p>Venir al coraz\u00f3n del Pirineo y disfrutar de una experiencia natural en familia.<span class=\"Apple-converted-space\">\u00a0<\/span><\/p>\n<p>\u00a1Os esperamos!<\/p>\n","protected":false},"excerpt":{"rendered":"<p>\u00a0El puente de la Merc\u00e8 brinda a todos los barceloneses la oportunidad de salir del ajetreo diario de la ciudad. La direcci\u00f3n ideal, la monta\u00f1a, [&hellip;]<\/p>\n","protected":false},"author":1,"featured_media":3301,"comment_status":"open","ping_status":"open","sticky":false,"template":"","format":"standard","meta":[],"categories":[71,72,69],"tags":[890,915,1070,546,713,1081,874,868,1080,911,1097,552,1020,818],"_links":{"self":[{"href":"http:\/\/www.campingverneda.com\/blog\/wp-json\/wp\/v2\/posts\/3299"}],"collection":[{"href":"http:\/\/www.campingverneda.com\/blog\/wp-json\/wp\/v2\/posts"}],"about":[{"href":"http:\/\/www.campingverneda.com\/blog\/wp-json\/wp\/v2\/types\/post"}],"author":[{"embeddable":true,"href":"http:\/\/www.campingverneda.com\/blog\/wp-json\/wp\/v2\/users\/1"}],"replies":[{"embeddable":true,"href":"http:\/\/www.campingverneda.com\/blog\/wp-json\/wp\/v2\/comments?post=3299"}],"version-history":[{"count":3,"href":"http:\/\/www.campingverneda.com\/blog\/wp-json\/wp\/v2\/posts\/3299\/revisions"}],"predecessor-version":[{"id":3304,"href":"http:\/\/www.campingverneda.com\/blog\/wp-json\/wp\/v2\/posts\/3299\/revisions\/3304"}],"wp:featuredmedia":[{"embeddable":true,"href":"http:\/\/www.campingverneda.com\/blog\/wp-json\/wp\/v2\/media\/3301"}],"wp:attachment":[{"href":"http:\/\/www.campingverneda.com\/blog\/wp-json\/wp\/v2\/media?parent=3299"}],"wp:term":[{"taxonomy":"category","embeddable":true,"href":"http:\/\/www.campingverneda.com\/blog\/wp-json\/wp\/v2\/categories?post=3299"},{"taxonomy":"post_tag","embeddable":true,"href":"http:\/\/www.campingverneda.com\/blog\/wp-json\/wp\/v2\/tags?post=3299"}],"curies":[{"name":"wp","href":"https:\/\/api.w.org\/{rel}","templated":true}]}}