{"id":3259,"date":"2019-08-13T10:49:01","date_gmt":"2019-08-13T10:49:01","guid":{"rendered":"http:\/\/www.campingverneda.com\/blog\/?p=3259"},"modified":"2019-08-13T10:49:02","modified_gmt":"2019-08-13T10:49:02","slug":"las-nubes-de-los-pirineos","status":"publish","type":"post","link":"http:\/\/www.campingverneda.com\/blog\/2019\/08\/13\/las-nubes-de-los-pirineos\/","title":{"rendered":"Las nubes de los Pirineos"},"content":{"rendered":"<p>Los <b>entornos naturales y las actividades que se pueden hacer en ellos<\/b>, vienen totalmente determinados por las <b>condiciones meteorol\u00f3gicas<\/b>. Por ello, antes de encaminarse a realizar cualquier actividad en la naturaleza, debemos conocer las distintas variables que pueden afectarnos, permiti\u00e9ndonos disfrutar de una forma segura.<span class=\"Apple-converted-space\">\u00a0<\/span><\/p>\n<p><b>Los Pirineos<\/b>, gracias a sus caracter\u00edsticas ortogr\u00e1ficas y clim\u00e1ticas, cuentan con unas condiciones meteorol\u00f3gicas determinadas donde <b>las nubes<\/b> ocupan un papel importante para definir la belleza y singularidad de sus paisajes. Hoy <b>os presentaremos los distintos tipos de nubes<\/b> que llenan de contraste los cielos del Valle de Aran<\/p>\n<p><b>Las nubes son composiciones visibles suspendidas en la atm\u00f3sfera<\/b>, formadas por la condensaci\u00f3n del vapor de agua de masas de aire enfriadas. Estas se dividen en tres estratos (nubes altas, media y bajas), en funci\u00f3n de la altura a la que se encuentren, y diez g\u00e9neros diferentes.<span class=\"Apple-converted-space\">\u00a0<\/span><\/p>\n<p><b>Nubes Bajas. <\/b>Situadas entre los 0 y 2.000 metros de altura, est\u00e1n formadas generalmente por got\u00edculas de agua l\u00edquida. En este apartado diferenciaremos entre cuatro tipos de nubes<b>:<span class=\"Apple-converted-space\">\u00a0<\/span><\/b><\/p>\n<p><a href=\"http:\/\/www.campingverneda.com\/blog\/2019\/08\/13\/las-nubes-de-los-pirineos\/nubes-rosa-atardecer-vilac\/\" rel=\"attachment wp-att-3262\"><img decoding=\"async\" loading=\"lazy\" class=\"size-full wp-image-3262 aligncenter\" src=\"http:\/\/www.campingverneda.com\/blog\/wp-content\/uploads\/2019\/08\/nubes-rosa-atardecer-vilac.jpg\" alt=\"\" width=\"945\" height=\"668\" srcset=\"http:\/\/www.campingverneda.com\/blog\/wp-content\/uploads\/2019\/08\/nubes-rosa-atardecer-vilac-200x141.jpg 200w, http:\/\/www.campingverneda.com\/blog\/wp-content\/uploads\/2019\/08\/nubes-rosa-atardecer-vilac-300x212.jpg 300w, http:\/\/www.campingverneda.com\/blog\/wp-content\/uploads\/2019\/08\/nubes-rosa-atardecer-vilac-400x283.jpg 400w, http:\/\/www.campingverneda.com\/blog\/wp-content\/uploads\/2019\/08\/nubes-rosa-atardecer-vilac-600x424.jpg 600w, http:\/\/www.campingverneda.com\/blog\/wp-content\/uploads\/2019\/08\/nubes-rosa-atardecer-vilac-768x543.jpg 768w, http:\/\/www.campingverneda.com\/blog\/wp-content\/uploads\/2019\/08\/nubes-rosa-atardecer-vilac-800x566.jpg 800w, http:\/\/www.campingverneda.com\/blog\/wp-content\/uploads\/2019\/08\/nubes-rosa-atardecer-vilac.jpg 945w\" sizes=\"(max-width: 945px) 100vw, 945px\" \/><\/a><\/p>\n<p>\u00b7 <b>Estratos<\/b> (St).<b>\u00a0<\/b>Tipolog\u00eda que m\u00e1s cercana al suelo, ligadas a las t\u00edpicas nieblas del territorio, pudiendo dar una suave llovizna.<\/p>\n<p>\u00b7 <b>Estratoc\u00famulos<\/b> (Sc).\u00a0Suelen tener una distribuci\u00f3n alargada, con apariencia a s\u00e1bana hecha de nubes. Estas nubes son se\u00f1al de d\u00edas nublados o lluviosos.<\/p>\n<p>\u00b7 <b>C\u00famulos<\/b> (Cu).\u00a0Nubes que nos ayudan a cultivar nuestra imaginaci\u00f3n, creando formas que recuerdan a algodones de az\u00facar. Pueden dar precipitaciones de tipo chubascos.<\/p>\n<p>\u00b7 <b>Cumulonimbos <\/b>(Cb).<b>\u00a0<\/b>Se trata de nubes de tormenta, con las formas m\u00e1s compactas y agresivas, por lo que suelen ir acompa\u00f1adas de rayos, viento y granizo.<\/p>\n<p><b>Nubes Medias .<\/b> Situadas entre los 2.000 y 7.000 metros. Debido a su altura, est\u00e1n formadas por una mezcla de cristales de hielo y got\u00edculas de agua l\u00edquida. Este tipo de nubes son las m\u00e1s apreciadas en el territorio, ya que son las responsables de precipitaciones de nieve. Encontramos tres tipos distintos.<\/p>\n<p><b> \u00b7Nimbostratos (Ns).\u00a0<\/b>Gris; provoca la ca\u00edda de lluvia o nieve, lo que enturbia el aspecto de la nube<\/p>\n<p><b> \u00b7<\/b><b>Altoc\u00famulos (Ac).\u00a0<\/b>Blanco o gris. Constituido por elementos en forma de losa o guijarros, y\u00a0por gotas de agua.<\/p>\n<p><b>\u00b7<\/b><b>Altostratos (As). <\/b>Blanco o gris, de aspecto estriado de gran extensi\u00f3n horizontal. Es causa de lluvia y\/o nieve.<\/p>\n<p><b>Nubes Altas. <\/b>Nubes que se encuentran por sobre de los 7.000 metros, constituidas por cristales de hielo, nunca producen precipitaci\u00f3n. Se distinguen entre los siguientes tipos.<\/p>\n<p>\u00b7<b>Cirros\u00a0<\/b>(Ci).<b>\u00a0<\/b>Se caracterizan por un aspecto sedoso y unos filamentos muy blancos.<\/p>\n<p>\u00b7<b>Cirrostratos<\/b> (Cs).<b>\u00a0<\/b>Se trata de un velo nuboso blanquecino.<\/p>\n<p>\u00b7 <b>Cirroc\u00famulos <\/b>(Cc).\u00a0Numerosos y peque\u00f1os c\u00famulos elevados y agrupados.<\/p>\n<p>Si quieres conocer los mejores portales y fuentes de informaci\u00f3n para conocer los boletines meteorol\u00f3gicos m\u00e1s precisos del territorio, pregunta a<a href=\"https:\/\/www.facebook.com\/VernedaCampingMountainResort\/\" target=\"_blank\" rel=\"noopener\"> nuestro staff<\/a>. Estar\u00e1n encantados de poder ayudaros con la planificaci\u00f3n de vuestras actividades.<\/p>\n","protected":false},"excerpt":{"rendered":"<p>Los entornos naturales y las actividades que se pueden hacer en ellos, vienen totalmente determinados por las condiciones meteorol\u00f3gicas. Por ello, antes de encaminarse a [&hellip;]<\/p>\n","protected":false},"author":1,"featured_media":3261,"comment_status":"open","ping_status":"open","sticky":false,"template":"","format":"standard","meta":[],"categories":[71],"tags":[890,1070,546,713,1081,874,1080,911,552,1020,818],"_links":{"self":[{"href":"http:\/\/www.campingverneda.com\/blog\/wp-json\/wp\/v2\/posts\/3259"}],"collection":[{"href":"http:\/\/www.campingverneda.com\/blog\/wp-json\/wp\/v2\/posts"}],"about":[{"href":"http:\/\/www.campingverneda.com\/blog\/wp-json\/wp\/v2\/types\/post"}],"author":[{"embeddable":true,"href":"http:\/\/www.campingverneda.com\/blog\/wp-json\/wp\/v2\/users\/1"}],"replies":[{"embeddable":true,"href":"http:\/\/www.campingverneda.com\/blog\/wp-json\/wp\/v2\/comments?post=3259"}],"version-history":[{"count":4,"href":"http:\/\/www.campingverneda.com\/blog\/wp-json\/wp\/v2\/posts\/3259\/revisions"}],"predecessor-version":[{"id":3265,"href":"http:\/\/www.campingverneda.com\/blog\/wp-json\/wp\/v2\/posts\/3259\/revisions\/3265"}],"wp:featuredmedia":[{"embeddable":true,"href":"http:\/\/www.campingverneda.com\/blog\/wp-json\/wp\/v2\/media\/3261"}],"wp:attachment":[{"href":"http:\/\/www.campingverneda.com\/blog\/wp-json\/wp\/v2\/media?parent=3259"}],"wp:term":[{"taxonomy":"category","embeddable":true,"href":"http:\/\/www.campingverneda.com\/blog\/wp-json\/wp\/v2\/categories?post=3259"},{"taxonomy":"post_tag","embeddable":true,"href":"http:\/\/www.campingverneda.com\/blog\/wp-json\/wp\/v2\/tags?post=3259"}],"curies":[{"name":"wp","href":"https:\/\/api.w.org\/{rel}","templated":true}]}}