{"id":3226,"date":"2019-07-10T10:31:20","date_gmt":"2019-07-10T10:31:20","guid":{"rendered":"http:\/\/www.campingverneda.com\/blog\/?p=3226"},"modified":"2019-07-23T15:47:20","modified_gmt":"2019-07-23T15:47:20","slug":"programacion-actividades-julio-a-lo-vidaverneda-val-d-aran","status":"publish","type":"post","link":"http:\/\/www.campingverneda.com\/blog\/2019\/07\/10\/programacion-actividades-julio-a-lo-vidaverneda-val-d-aran\/","title":{"rendered":"Programaci\u00f3n actividades del mes de julio a lo #VIDAVerneda"},"content":{"rendered":"<div id=\"attachment_3228\" style=\"width: 288px\" class=\"wp-caption alignleft\"><a href=\"http:\/\/www.campingverneda.com\/blog\/2019\/07\/10\/programacion-actividades-julio-a-lo-vidaverneda-val-d-aran\/es-nets-detrh-verneda-concierto-sabina\/\" rel=\"attachment wp-att-3228\"><img aria-describedby=\"caption-attachment-3228\" decoding=\"async\" loading=\"lazy\" class=\" wp-image-3228\" src=\"http:\/\/www.campingverneda.com\/blog\/wp-content\/uploads\/2019\/07\/es-nets-detrh-verneda-concierto-sabina.jpg\" alt=\"\" width=\"278\" height=\"393\" srcset=\"http:\/\/www.campingverneda.com\/blog\/wp-content\/uploads\/2019\/07\/es-nets-detrh-verneda-concierto-sabina-200x283.jpg 200w, http:\/\/www.campingverneda.com\/blog\/wp-content\/uploads\/2019\/07\/es-nets-detrh-verneda-concierto-sabina-212x300.jpg 212w, http:\/\/www.campingverneda.com\/blog\/wp-content\/uploads\/2019\/07\/es-nets-detrh-verneda-concierto-sabina-400x566.jpg 400w, http:\/\/www.campingverneda.com\/blog\/wp-content\/uploads\/2019\/07\/es-nets-detrh-verneda-concierto-sabina-600x849.jpg 600w, http:\/\/www.campingverneda.com\/blog\/wp-content\/uploads\/2019\/07\/es-nets-detrh-verneda-concierto-sabina-724x1024.jpg 724w, http:\/\/www.campingverneda.com\/blog\/wp-content\/uploads\/2019\/07\/es-nets-detrh-verneda-concierto-sabina-768x1086.jpg 768w, http:\/\/www.campingverneda.com\/blog\/wp-content\/uploads\/2019\/07\/es-nets-detrh-verneda-concierto-sabina-800x1131.jpg 800w, http:\/\/www.campingverneda.com\/blog\/wp-content\/uploads\/2019\/07\/es-nets-detrh-verneda-concierto-sabina.jpg 1200w\" sizes=\"(max-width: 278px) 100vw, 278px\" \/><\/a><p id=\"caption-attachment-3228\" class=\"wp-caption-text\">Primer concierto de Es Nets deth Verneda<\/p><\/div>\n<p>Los que ya sois asiduos a la #VIDAVerneda sab\u00e9is que los veranos son siempre muy movidos. Este verano no queremos ser menos y queremos celebrar el verano con un sinf\u00edn de actividades para todos los gustos.<\/p>\n<p>La m\u00fasica forma parte muy importante de las noches de verano, por eso a partir del pr\u00f3ximo 18 de julio comenzaremos con nuestra programaci\u00f3n de Es Nets deth Verneda, un ciclo de conciertos al aire libre junto a nuestra piscina. Este a\u00f1o el primer concierto viene de la mano del grupo Los Piratas Cojos, que ofreceran un Tributo al gran Joaquin Sabina.<\/p>\n<p>Para los paladares m\u00e1s exquisitos, todos los mi\u00e9rcoles a las 20:30h ofrecemos una degustaci\u00f3n de productos de la Val d\u2019Aran, el \u2018<strong>Tastet d\u2019Aran<\/strong>\u2019. En \u00e9l pod\u00e9is encontrar gran variedad de productos de la zona como pat\u00e9, la m\u00edtica \u00f2lha aranesa, botifarra d&#8217;Aran y el postre m\u00e1s preciado de nuestra zona, el <em>cresp\u00e8th<\/em>.\u00a0 Y si quer\u00e9is ir en familia, no nos olvidamos de los m\u00e1s peque\u00f1os, ya que tambi\u00e9n ofrecemos men\u00fa para ellos.<br \/>\nSi quer\u00e9is apuntaros al Tastet d\u2019Aran, ten\u00e9is que dirigiros a la recepci\u00f3n del camping o bien llamar al 973641024. Las plazas son limitadas y ten\u00e9is hasta las 12 del mediod\u00eda del mismo mi\u00e9rcoles.<\/p>\n<p>Los fines de semana son para las familias, y como los ni\u00f1os son los reyes del camping, a partir del pr\u00f3ximo domingo 27 de julio volvemos con el <strong>Circoloco<\/strong>. Payasos, talleres de maquillaje, globoflexia, magia y t\u00edteres para toda la familia. Adem\u00e1s, durante la semana tenemos una extensa <a href=\"https:\/\/www.campingverneda.com\/programa-actividades\" target=\"_blank\" rel=\"noopener\">programaci\u00f3n infantil<\/a> para que los m\u00e1s peque\u00f1os disfruten de actividades tan diversas como talleres <em>ecofriendly<\/em>, juegos en le bosque o manualidades.<\/p>\n<p>\u00a1Vive un verano a lo #VIDAVerneda!<\/p>\n","protected":false},"excerpt":{"rendered":"<p>Los que ya sois asiduos a la #VIDAVerneda sab\u00e9is que los veranos son siempre muy movidos. Este verano no queremos ser menos y queremos celebrar [&hellip;]<\/p>\n","protected":false},"author":1,"featured_media":3227,"comment_status":"open","ping_status":"open","sticky":false,"template":"","format":"standard","meta":[],"categories":[1,69],"tags":[316,262,49,882,47,1093,824,818],"_links":{"self":[{"href":"http:\/\/www.campingverneda.com\/blog\/wp-json\/wp\/v2\/posts\/3226"}],"collection":[{"href":"http:\/\/www.campingverneda.com\/blog\/wp-json\/wp\/v2\/posts"}],"about":[{"href":"http:\/\/www.campingverneda.com\/blog\/wp-json\/wp\/v2\/types\/post"}],"author":[{"embeddable":true,"href":"http:\/\/www.campingverneda.com\/blog\/wp-json\/wp\/v2\/users\/1"}],"replies":[{"embeddable":true,"href":"http:\/\/www.campingverneda.com\/blog\/wp-json\/wp\/v2\/comments?post=3226"}],"version-history":[{"count":7,"href":"http:\/\/www.campingverneda.com\/blog\/wp-json\/wp\/v2\/posts\/3226\/revisions"}],"predecessor-version":[{"id":3235,"href":"http:\/\/www.campingverneda.com\/blog\/wp-json\/wp\/v2\/posts\/3226\/revisions\/3235"}],"wp:featuredmedia":[{"embeddable":true,"href":"http:\/\/www.campingverneda.com\/blog\/wp-json\/wp\/v2\/media\/3227"}],"wp:attachment":[{"href":"http:\/\/www.campingverneda.com\/blog\/wp-json\/wp\/v2\/media?parent=3226"}],"wp:term":[{"taxonomy":"category","embeddable":true,"href":"http:\/\/www.campingverneda.com\/blog\/wp-json\/wp\/v2\/categories?post=3226"},{"taxonomy":"post_tag","embeddable":true,"href":"http:\/\/www.campingverneda.com\/blog\/wp-json\/wp\/v2\/tags?post=3226"}],"curies":[{"name":"wp","href":"https:\/\/api.w.org\/{rel}","templated":true}]}}