{"id":3216,"date":"2019-07-09T10:25:33","date_gmt":"2019-07-09T10:25:33","guid":{"rendered":"http:\/\/www.campingverneda.com\/blog\/?p=3216"},"modified":"2019-07-09T10:27:19","modified_gmt":"2019-07-09T10:27:19","slug":"rutas-en-bicicleta-para-toda-la-familia","status":"publish","type":"post","link":"http:\/\/www.campingverneda.com\/blog\/2019\/07\/09\/rutas-en-bicicleta-para-toda-la-familia\/","title":{"rendered":"Rutas en bicicleta para toda la familia"},"content":{"rendered":"<p>El turismo activo est\u00e1 a la orden del d\u00eda, y no nos sorprende.<\/p>\n<p>Llevamos a\u00f1os viviendo la #VIDAVerneda, y \u00e9sta exige movimiento. Estamos rodeados de montes que no se deben dejar sin explorar.<\/p>\n<p>Y esta vez\u2026 <b>\u00a1exploraremos encima de nuestra bici!<\/b><\/p>\n<p><b>El ciclismo es una de las actividades m\u00e1s agradecidas para realizar en familia<\/b>. La Val d\u2019Aran ofrece un sinf\u00edn de opciones para todos los ciclistas, pero hoy, os traemos las m\u00e1s adecuadas para ir en familia, peques muy peques y mascota.<\/p>\n<p><b>Para que todos disfrut\u00e9is.<\/b><\/p>\n<p>Una de <b>las primeras recomendaciones<\/b> es una <b>ruta circular en el Baish Ar\u00e1n<\/b>. Se inicia en Les, recorre la pista hasta la ermita de St Blai y cambias de sentido en Eth Camin Reiau, uno de los senderos m\u00e1s emblem\u00e1ticos e hist\u00f3ricos del valle.<\/p>\n<p><i>Esta ruta es de 4,6 kil\u00f3metros, cerca del r\u00edo y plana.<\/i><\/p>\n<p>Nuestra <b>segunda opci\u00f3n es el Naut Aran<\/b>. En Salard\u00fa sale la pista llamada carretera de Aiguamoig, que llega hasta el pueblo de Tred\u00f2s, nacimiento de la Val de Ruda, donde se retoma la carretera hasta Sarald\u00fa de nuevo.<\/p>\n<p><a href=\"http:\/\/www.campingverneda.com\/blog\/2019\/07\/09\/rutas-en-bicicleta-para-toda-la-familia\/camping-verneda-ciclismo-valdaran\/\" rel=\"attachment wp-att-3217\"><img decoding=\"async\" loading=\"lazy\" class=\"size-full wp-image-3217 alignleft\" src=\"http:\/\/www.campingverneda.com\/blog\/wp-content\/uploads\/2019\/07\/camping-verneda-ciclismo-valdaran.jpg\" alt=\"\" width=\"945\" height=\"668\" srcset=\"http:\/\/www.campingverneda.com\/blog\/wp-content\/uploads\/2019\/07\/camping-verneda-ciclismo-valdaran-200x141.jpg 200w, http:\/\/www.campingverneda.com\/blog\/wp-content\/uploads\/2019\/07\/camping-verneda-ciclismo-valdaran-300x212.jpg 300w, http:\/\/www.campingverneda.com\/blog\/wp-content\/uploads\/2019\/07\/camping-verneda-ciclismo-valdaran-400x283.jpg 400w, http:\/\/www.campingverneda.com\/blog\/wp-content\/uploads\/2019\/07\/camping-verneda-ciclismo-valdaran-600x424.jpg 600w, http:\/\/www.campingverneda.com\/blog\/wp-content\/uploads\/2019\/07\/camping-verneda-ciclismo-valdaran-768x543.jpg 768w, http:\/\/www.campingverneda.com\/blog\/wp-content\/uploads\/2019\/07\/camping-verneda-ciclismo-valdaran-800x566.jpg 800w, http:\/\/www.campingverneda.com\/blog\/wp-content\/uploads\/2019\/07\/camping-verneda-ciclismo-valdaran.jpg 945w\" sizes=\"(max-width: 945px) 100vw, 945px\" \/><\/a><\/p>\n<p>Esta <b>ruta es de 3,8 kil\u00f3metros, circular, con desnivel muy ligero y sombra<\/b>.<\/p>\n<p>Y por \u00faltimo, en la misma zona desde la poblaci\u00f3n de Bagergue, podremos iniciar camino hasta la regi\u00f3n de Sta. Margalida, y siguiendo el sendero y las distintas marcas viales (piedras amontonadas, pintadas, carteles GR) podr\u00e1s rodear la zona y volver.<\/p>\n<p><b>Esta ruta tiene 3 kil\u00f3metros, desnivel de 100 metros y cabida a la improvisaci\u00f3n<\/b>.<\/p>\n<p>A veces, salirse del sendero est\u00e1 bien. Aprender de los nuestros y junto a ellos siempre es una buena elecci\u00f3n, como respetar la naturaleza y cuidarla.<\/p>\n<p>Por eso <a href=\"https:\/\/www.campingverneda.com\" target=\"_blank\" rel=\"noopener\">Verneda Camping Mountain Resort<\/a> tambi\u00e9n recomienda llevar una bolsita para acumular tus residuos hasta un punto limpio de<span class=\"Apple-converted-space\">\u00a0 <\/span>recogida de desechos.<\/p>\n<p>Cuida de la tierra para seguir disfrut\u00e1ndola con tus personas favoritas.<\/p>\n","protected":false},"excerpt":{"rendered":"<p>El turismo activo est\u00e1 a la orden del d\u00eda, y no nos sorprende. Llevamos a\u00f1os viviendo la #VIDAVerneda, y \u00e9sta exige movimiento. Estamos rodeados de [&hellip;]<\/p>\n","protected":false},"author":1,"featured_media":3218,"comment_status":"open","ping_status":"open","sticky":false,"template":"","format":"standard","meta":[],"categories":[71,129,72],"tags":[890,1070,546,713,1082,1081,874,1080,911,1092,552,1020,818],"_links":{"self":[{"href":"http:\/\/www.campingverneda.com\/blog\/wp-json\/wp\/v2\/posts\/3216"}],"collection":[{"href":"http:\/\/www.campingverneda.com\/blog\/wp-json\/wp\/v2\/posts"}],"about":[{"href":"http:\/\/www.campingverneda.com\/blog\/wp-json\/wp\/v2\/types\/post"}],"author":[{"embeddable":true,"href":"http:\/\/www.campingverneda.com\/blog\/wp-json\/wp\/v2\/users\/1"}],"replies":[{"embeddable":true,"href":"http:\/\/www.campingverneda.com\/blog\/wp-json\/wp\/v2\/comments?post=3216"}],"version-history":[{"count":7,"href":"http:\/\/www.campingverneda.com\/blog\/wp-json\/wp\/v2\/posts\/3216\/revisions"}],"predecessor-version":[{"id":3225,"href":"http:\/\/www.campingverneda.com\/blog\/wp-json\/wp\/v2\/posts\/3216\/revisions\/3225"}],"wp:featuredmedia":[{"embeddable":true,"href":"http:\/\/www.campingverneda.com\/blog\/wp-json\/wp\/v2\/media\/3218"}],"wp:attachment":[{"href":"http:\/\/www.campingverneda.com\/blog\/wp-json\/wp\/v2\/media?parent=3216"}],"wp:term":[{"taxonomy":"category","embeddable":true,"href":"http:\/\/www.campingverneda.com\/blog\/wp-json\/wp\/v2\/categories?post=3216"},{"taxonomy":"post_tag","embeddable":true,"href":"http:\/\/www.campingverneda.com\/blog\/wp-json\/wp\/v2\/tags?post=3216"}],"curies":[{"name":"wp","href":"https:\/\/api.w.org\/{rel}","templated":true}]}}