{"id":3168,"date":"2019-06-09T17:00:12","date_gmt":"2019-06-09T17:00:12","guid":{"rendered":"http:\/\/www.campingverneda.com\/blog\/?p=3168"},"modified":"2019-06-09T17:00:12","modified_gmt":"2019-06-09T17:00:12","slug":"aran-park-descubre-la-fauna-aranesa","status":"publish","type":"post","link":"http:\/\/www.campingverneda.com\/blog\/2019\/06\/09\/aran-park-descubre-la-fauna-aranesa\/","title":{"rendered":"Aran Park: descubre la fauna aranesa"},"content":{"rendered":"<p>El Valle de Ar\u00e1n lucha por la conservaci\u00f3n del entorno medio ambiental, por su fauna y su flora. Con ese prop\u00f3sito crearon <a href=\"http:\/\/www.aran-park.es\/mapa-interactivo\" target=\"_blank\" rel=\"noopener\">Aran Park<\/a>: un espacio adaptado para los animales aut\u00f3ctonos y su verdadero cuidado.<\/p>\n<p>Esta zona del Pirineo, si hoy en d\u00eda ya parece remota, tiempo atr\u00e1s a\u00fan lo fue m\u00e1s. Y sus principales habitantes eran los animales que viv\u00edan entre sus valles, com\u00edan los frutos de sus bosques y beb\u00edan el agua de sus r\u00edos.<\/p>\n<p>Muchos de los animales que se conservan hoy en el parque est\u00e1n en real peligro de extinci\u00f3n, como el lince o el urogallo.<\/p>\n<p><b>El parque recrea un paseo circular por el monte<\/b> a trav\u00e9s de tarimas de madera adaptadas a territorio que te llevan a visitar cada \u00e1rea con su respectivo hu\u00e9sped.<\/p>\n<p>Decidas ir en contra o a favor de las agujas del reloj en tu circuito, la primera parada ser\u00e1n las <b>nutrias<\/b>, que en los tiempos que corren deben estar chapoteando tranquilas en su estanque.<\/p>\n<div id=\"attachment_3171\" style=\"width: 955px\" class=\"wp-caption alignright\"><a href=\"http:\/\/www.campingverneda.com\/blog\/2019\/06\/09\/aran-park-descubre-la-fauna-aranesa\/linx-verneda-aran-park\/\" rel=\"attachment wp-att-3171\"><img aria-describedby=\"caption-attachment-3171\" decoding=\"async\" loading=\"lazy\" class=\"size-full wp-image-3171\" src=\"http:\/\/www.campingverneda.com\/blog\/wp-content\/uploads\/2019\/06\/Linx-verneda-aran-park.jpg\" alt=\"\" width=\"945\" height=\"668\" srcset=\"http:\/\/www.campingverneda.com\/blog\/wp-content\/uploads\/2019\/06\/Linx-verneda-aran-park-200x141.jpg 200w, http:\/\/www.campingverneda.com\/blog\/wp-content\/uploads\/2019\/06\/Linx-verneda-aran-park-300x212.jpg 300w, http:\/\/www.campingverneda.com\/blog\/wp-content\/uploads\/2019\/06\/Linx-verneda-aran-park-400x283.jpg 400w, http:\/\/www.campingverneda.com\/blog\/wp-content\/uploads\/2019\/06\/Linx-verneda-aran-park-600x424.jpg 600w, http:\/\/www.campingverneda.com\/blog\/wp-content\/uploads\/2019\/06\/Linx-verneda-aran-park-768x543.jpg 768w, http:\/\/www.campingverneda.com\/blog\/wp-content\/uploads\/2019\/06\/Linx-verneda-aran-park-800x566.jpg 800w, http:\/\/www.campingverneda.com\/blog\/wp-content\/uploads\/2019\/06\/Linx-verneda-aran-park.jpg 945w\" sizes=\"(max-width: 945px) 100vw, 945px\" \/><\/a><p id=\"caption-attachment-3171\" class=\"wp-caption-text\">Foto extra\u00edda de la web oficial Aran Park<\/p><\/div>\n<p>Cruzando el puente encontramos la zona del <b>buitre com\u00fan<\/b>, no te har\u00e1n nada, los alimentan bien.<\/p>\n<p>A partir de aqu\u00ed entramos en el \u00e1rea de mam\u00edferos cuadr\u00fapedos d\u00f3nde podemos encontrar entre otros <b>ciervos, gamos, y si se deja ver\u2026 \u00a1el mufl\u00f3n!<\/b><\/p>\n<p>Seguimos avanzando y los animales se vuelven m\u00e1s grandes, feroces, y peludos, aprenden a rugir y a aullar\u2026 \u00bfqu\u00e9 pueden ser?<\/p>\n<p>Sin duda, <b>el oso y el lobo<\/b>, dos de los preferidos para muchos visitantes.<\/p>\n<p>Y despu\u00e9s del oso\u2026 ya no contaremos nada m\u00e1s, porque vale m\u00e1s la pena visitarlo que leerlo.<\/p>\n<p>Desde <a href=\"https:\/\/www.instagram.com\/vida_verneda\/\" target=\"_blank\" rel=\"noopener\">Verneda Camping Mountain Resort<\/a><\/p>\n<p>te recomendamos que reserves alg\u00fan d\u00eda de tu primavera para venir de camping y visitar Aran Park, en esta \u00e9poca los animales est\u00e1n m\u00e1s activos que nunca.<span class=\"Apple-converted-space\">\u00a0<\/span><\/p>\n<p>\u00a1P\u00edllalos a todos!<\/p>\n","protected":false},"excerpt":{"rendered":"<p>El Valle de Ar\u00e1n lucha por la conservaci\u00f3n del entorno medio ambiental, por su fauna y su flora. Con ese prop\u00f3sito crearon Aran Park: un [&hellip;]<\/p>\n","protected":false},"author":1,"featured_media":3169,"comment_status":"open","ping_status":"open","sticky":false,"template":"","format":"standard","meta":[],"categories":[71,230,72],"tags":[890,149,1070,546,713,1082,1081,1091,874,1080,911,552,1020,818],"_links":{"self":[{"href":"http:\/\/www.campingverneda.com\/blog\/wp-json\/wp\/v2\/posts\/3168"}],"collection":[{"href":"http:\/\/www.campingverneda.com\/blog\/wp-json\/wp\/v2\/posts"}],"about":[{"href":"http:\/\/www.campingverneda.com\/blog\/wp-json\/wp\/v2\/types\/post"}],"author":[{"embeddable":true,"href":"http:\/\/www.campingverneda.com\/blog\/wp-json\/wp\/v2\/users\/1"}],"replies":[{"embeddable":true,"href":"http:\/\/www.campingverneda.com\/blog\/wp-json\/wp\/v2\/comments?post=3168"}],"version-history":[{"count":3,"href":"http:\/\/www.campingverneda.com\/blog\/wp-json\/wp\/v2\/posts\/3168\/revisions"}],"predecessor-version":[{"id":3173,"href":"http:\/\/www.campingverneda.com\/blog\/wp-json\/wp\/v2\/posts\/3168\/revisions\/3173"}],"wp:featuredmedia":[{"embeddable":true,"href":"http:\/\/www.campingverneda.com\/blog\/wp-json\/wp\/v2\/media\/3169"}],"wp:attachment":[{"href":"http:\/\/www.campingverneda.com\/blog\/wp-json\/wp\/v2\/media?parent=3168"}],"wp:term":[{"taxonomy":"category","embeddable":true,"href":"http:\/\/www.campingverneda.com\/blog\/wp-json\/wp\/v2\/categories?post=3168"},{"taxonomy":"post_tag","embeddable":true,"href":"http:\/\/www.campingverneda.com\/blog\/wp-json\/wp\/v2\/tags?post=3168"}],"curies":[{"name":"wp","href":"https:\/\/api.w.org\/{rel}","templated":true}]}}