{"id":3141,"date":"2019-05-27T10:16:14","date_gmt":"2019-05-27T10:16:14","guid":{"rendered":"http:\/\/www.campingverneda.com\/blog\/?p=3141"},"modified":"2019-05-27T10:16:15","modified_gmt":"2019-05-27T10:16:15","slug":"historia-camping-verneda-mountain-resort","status":"publish","type":"post","link":"http:\/\/www.campingverneda.com\/blog\/2019\/05\/27\/historia-camping-verneda-mountain-resort\/","title":{"rendered":"Breve historia de nuestra #VIDAVerneda"},"content":{"rendered":"<p>Verneda Camping Mountain Resort empieza con el sue\u00f1o de un joven aran\u00e9s: <b>promocionar el turismo veraniego en el Valle de Ar\u00e1n<\/b>.<\/p>\n<p>Esta tierra pirenaica ha sido siempre famosa por la presencia de la estaci\u00f3n de esqu\u00ed Baqueira-Beret. En verano los aldeanos se dedicaban en gran parte a la agricultura y la ramaderia hasta que un d\u00eda Jose Manuel Monge crey\u00f3 que el valle podr\u00eda atraer a visitantes de todo el mundo en su \u00e9poca estival.<\/p>\n<p>Aprovechando el entorno natural del territorio, y la tendencia viajera del momento, <a href=\"https:\/\/www.facebook.com\/VernedaCampingMountainResort\/\" target=\"_blank\" rel=\"noopener\">en 1983 Jose Manuel decidi\u00f3 dise\u00f1ar un camping en una finca llamada Verneda<\/a>. Tras tres a\u00f1os preparando cimientos, reforestando, construyendo y adaptando el territorio se pudo inaugurar la apertura del Verneda Camping Mountain Resort.<\/p>\n<div id=\"attachment_3143\" style=\"width: 510px\" class=\"wp-caption alignright\"><a href=\"http:\/\/www.campingverneda.com\/blog\/2019\/05\/27\/historia-camping-verneda-mountain-resort\/verneda-camping-mountain-resort-8\/\" rel=\"attachment wp-att-3143\"><img aria-describedby=\"caption-attachment-3143\" decoding=\"async\" loading=\"lazy\" class=\"size-full wp-image-3143\" src=\"http:\/\/www.campingverneda.com\/blog\/wp-content\/uploads\/2019\/05\/verneda-camping-mountain-resort.jpg\" alt=\"\" width=\"500\" height=\"369\" srcset=\"http:\/\/www.campingverneda.com\/blog\/wp-content\/uploads\/2019\/05\/verneda-camping-mountain-resort-200x148.jpg 200w, http:\/\/www.campingverneda.com\/blog\/wp-content\/uploads\/2019\/05\/verneda-camping-mountain-resort-300x221.jpg 300w, http:\/\/www.campingverneda.com\/blog\/wp-content\/uploads\/2019\/05\/verneda-camping-mountain-resort-400x295.jpg 400w, http:\/\/www.campingverneda.com\/blog\/wp-content\/uploads\/2019\/05\/verneda-camping-mountain-resort.jpg 500w\" sizes=\"(max-width: 500px) 100vw, 500px\" \/><\/a><p id=\"caption-attachment-3143\" class=\"wp-caption-text\">El prado Verneda reforestado y listo para campistas<\/p><\/div>\n<p><b>El camping abri\u00f3 sus puertas con 125 parcelas, 12 duchas, 12 WC, lavaderos, bar-restaurante, piscina climatizada y un amplio sal\u00f3n social de 150m<\/b><b><sup>2<\/sup><\/b>.<\/p>\n<p>El primer a\u00f1o los campistas resultaron ser el no va m\u00e1s y la #VIDAVerneda empezaba a florecer. Se siguen nuevas tendencias, se busca crecer en el sector, ampliar horizontes y definirse con identidad propia.<\/p>\n<p>En 1998 colocan y ponen en servicio los primeros Bungalows del camping. Casetas totalmente de madera y con el espacio necesario para convivir en confianza.<\/p>\n<p>M\u00e1s adelante, se apost\u00f3 por las familias y sus comodidades. Entonces se abrieron espacios m\u00e1s amplios y a\u00f1adieron nuevos tipos de Bungalows, con prestaciones m\u00e1s afines a sus necesidades.<\/p>\n<p>Despu\u00e9s de seguir ampliando las \u00e1reas con caba\u00f1as, renuevan los servicios gratuitos e instalaciones: ampliaci\u00f3n de la zona de los sanitarios, lavadoras-secadoras, servicio de animaci\u00f3n infantil, gu\u00eda de excursiones, construcci\u00f3n de una zona de barbacoas cubierta as\u00ed como un refugio para los d\u00edas de lluvia, parques infantiles, nuevos servicios gratuitos, ofertas de animaci\u00f3n nocturna y actividades <i>outdoor.<\/i><\/p>\n<p><a href=\"https:\/\/www.campingverneda.com\/experiencias\" target=\"_blank\" rel=\"noopener\">A medida que llegan tiempos modernos <b>Verneda se actualiza con ellos.<\/b><\/a>\u00a0Colocan casetas con nuevas prestaciones, optimizando el \u00e1rea de servicios como el bar, el restaurante o la piscina y ampliando los servicios gratuitos para los clientes.<\/p>\n<p>En 2016 Verneda Camping Resort cumple 30 a\u00f1os celebrando la #VIDAVerneda.<\/p>\n<p>Y hoy, s\u00f3lo quiere cumplir 30 m\u00e1s, haciendo de las vacaciones con los tuyos una experiencia \u00fanica.<\/p>\n<p>\u00a1Gracias por sumar a\u00f1os con nosotros\/as!<\/p>\n","protected":false},"excerpt":{"rendered":"<p>Verneda Camping Mountain Resort empieza con el sue\u00f1o de un joven aran\u00e9s: promocionar el turismo veraniego en el Valle de Ar\u00e1n. Esta tierra pirenaica ha [&hellip;]<\/p>\n","protected":false},"author":1,"featured_media":3142,"comment_status":"open","ping_status":"open","sticky":false,"template":"","format":"standard","meta":[],"categories":[1,69],"tags":[890,1070,546,713,1082,1081,874,1080,911,1083,552,1020,818],"_links":{"self":[{"href":"http:\/\/www.campingverneda.com\/blog\/wp-json\/wp\/v2\/posts\/3141"}],"collection":[{"href":"http:\/\/www.campingverneda.com\/blog\/wp-json\/wp\/v2\/posts"}],"about":[{"href":"http:\/\/www.campingverneda.com\/blog\/wp-json\/wp\/v2\/types\/post"}],"author":[{"embeddable":true,"href":"http:\/\/www.campingverneda.com\/blog\/wp-json\/wp\/v2\/users\/1"}],"replies":[{"embeddable":true,"href":"http:\/\/www.campingverneda.com\/blog\/wp-json\/wp\/v2\/comments?post=3141"}],"version-history":[{"count":5,"href":"http:\/\/www.campingverneda.com\/blog\/wp-json\/wp\/v2\/posts\/3141\/revisions"}],"predecessor-version":[{"id":3152,"href":"http:\/\/www.campingverneda.com\/blog\/wp-json\/wp\/v2\/posts\/3141\/revisions\/3152"}],"wp:featuredmedia":[{"embeddable":true,"href":"http:\/\/www.campingverneda.com\/blog\/wp-json\/wp\/v2\/media\/3142"}],"wp:attachment":[{"href":"http:\/\/www.campingverneda.com\/blog\/wp-json\/wp\/v2\/media?parent=3141"}],"wp:term":[{"taxonomy":"category","embeddable":true,"href":"http:\/\/www.campingverneda.com\/blog\/wp-json\/wp\/v2\/categories?post=3141"},{"taxonomy":"post_tag","embeddable":true,"href":"http:\/\/www.campingverneda.com\/blog\/wp-json\/wp\/v2\/tags?post=3141"}],"curies":[{"name":"wp","href":"https:\/\/api.w.org\/{rel}","templated":true}]}}