{"id":3108,"date":"2019-04-23T16:10:02","date_gmt":"2019-04-23T16:10:02","guid":{"rendered":"http:\/\/www.campingverneda.com\/blog\/?p=3108"},"modified":"2019-04-23T16:10:02","modified_gmt":"2019-04-23T16:10:02","slug":"fin-de-temporada-en-baqueira-beret-2","status":"publish","type":"post","link":"http:\/\/www.campingverneda.com\/blog\/2019\/04\/23\/fin-de-temporada-en-baqueira-beret-2\/","title":{"rendered":"Fin de temporada en Baqueira Beret"},"content":{"rendered":"<p>Otra temporada m\u00e1s que se termina. Parece ayer cuando est\u00e1bamos desempolvando los esqu\u00eds mientras el fr\u00edo se acercaba d\u00eda a d\u00eda y las primeras nevadas te\u00f1\u00edan de blanco las cumbres de las monta\u00f1as.<strong> Una temporada que de nuevo ha sido genial<\/strong>, en la que hemos coleccionado un <a href=\"https:\/\/www.instagram.com\/vida_verneda\" target=\"_blank\" rel=\"noopener\"><strong>sinf\u00edn de recuerdos y experiencias<\/strong><\/a> que convierten los fr\u00edos meses de invierno en una amalgama de <strong>buenos momentos y felicidad<\/strong>.<\/p>\n<p>Lo cierto es que las condiciones meteorol\u00f3gicas han sido de 10. Pese a que las grandes nevadas se han hecho un poco de rogar, finalmente llegaron y han tra\u00eddo una <strong>nieve espectacular<\/strong> que ha permitido que todes les amantes del oro blanco hayan disfrutado como pekes. Aunque <strong>todo esto no ser\u00eda posible sin el arduo trabajo de les operaries de Baqueira Beret.<\/strong> Desde los controladores de forfaits al personal de cafeter\u00edas, todes un a\u00f1o m\u00e1s han dado lo mejor de s\u00ed mismes para que todo saliera sobre ruedas.<\/p>\n<div class=\"video-shortcode\"><iframe loading=\"lazy\" width=\"1778\" height=\"1000\" src=\"https:\/\/www.youtube.com\/embed\/Eg4CMJxaBZU?feature=oembed\" frameborder=\"0\" allow=\"accelerometer; autoplay; encrypted-media; gyroscope; picture-in-picture\" allowfullscreen><\/iframe><\/div>\n<p><strong>Una plantilla enorme de personas que prestan su dedicaci\u00f3n para que les visitantes de la mejor estaci\u00f3n de esqu\u00ed nacional tengan la mejor experiencia posible<\/strong>, adem\u00e1s de un sinf\u00edn de kil\u00f3metros esquiables en los que pasarlo en grande. Por ello, <strong>nos gustar\u00eda dar nuestra m\u00e1s sincera enhorabuena al personal y direcci\u00f3n de Baqueira Beret<\/strong> por superarse a\u00f1o tras a\u00f1o y seguir siendo el lugar de referencia para les amantes de la nieve.<\/p>\n<p>Tambi\u00e9n <strong>nos gustar\u00eda agradecer a todos los comercios y sus trabajadores, ya sean locales o temporeres, que han realizado un trabajo colosal durante los d\u00edas de mayor afluencia tur\u00edstica<\/strong>, haciendo que los servicios funcionaran sin problemas y <strong>trabajando para que todo salga a pedir de boca<\/strong>. Unes trabajadores curtides en mil batallas y capaces de gestionar y sacar adelante todo lo que se propongan, <strong>convirtiendo a la Val d&#8217;Aran en el destino tur\u00edstico por excelencia<\/strong>.<\/p>\n<p>Una temporada m\u00e1s a la que <strong>decimos adi\u00f3s con una sonrisa<\/strong>, porque sabemos que pronto nos volveremos a encontrar y, adem\u00e1s, por todo lo que est\u00e1 por venir.<\/p>\n<p>Ahora <strong>es la \u00e9poca de disfrutar de la <a href=\"https:\/\/www.facebook.com\/VernedaCampingMountainResort\/\" target=\"_blank\" rel=\"noopener\">Naturaleza de la Val d&#8217;Aran<\/a><\/strong> en su estado m\u00e1s puro, de calzarse las botas de monta\u00f1a y \u201ctirarse al monte\u201d, de degustar con calma toda la extensa gastronom\u00eda del lugar, de acampadas, de momentos \u00fanicos&#8230;<\/p>\n<p>As\u00ed que nos despedimos de la temporada, s\u00ed, pero <strong>damos la bienvenida a otra \u00e9poca del a\u00f1o que tambi\u00e9n nos apasiona y la recibimos con los brazos abiertos. \u00a1Bienvenida primavera!<\/strong><\/p>\n","protected":false},"excerpt":{"rendered":"<p>Otra temporada m\u00e1s que se termina. Parece ayer cuando est\u00e1bamos desempolvando los esqu\u00eds mientras el fr\u00edo se acercaba d\u00eda a d\u00eda y las primeras nevadas [&hellip;]<\/p>\n","protected":false},"author":1,"featured_media":3111,"comment_status":"open","ping_status":"open","sticky":false,"template":"","format":"standard","meta":[],"categories":[71],"tags":[890,1070,1043,713,1040,1077,1046,1047,874,911,1074,1073,1076,552,1020,818],"_links":{"self":[{"href":"http:\/\/www.campingverneda.com\/blog\/wp-json\/wp\/v2\/posts\/3108"}],"collection":[{"href":"http:\/\/www.campingverneda.com\/blog\/wp-json\/wp\/v2\/posts"}],"about":[{"href":"http:\/\/www.campingverneda.com\/blog\/wp-json\/wp\/v2\/types\/post"}],"author":[{"embeddable":true,"href":"http:\/\/www.campingverneda.com\/blog\/wp-json\/wp\/v2\/users\/1"}],"replies":[{"embeddable":true,"href":"http:\/\/www.campingverneda.com\/blog\/wp-json\/wp\/v2\/comments?post=3108"}],"version-history":[{"count":1,"href":"http:\/\/www.campingverneda.com\/blog\/wp-json\/wp\/v2\/posts\/3108\/revisions"}],"predecessor-version":[{"id":3110,"href":"http:\/\/www.campingverneda.com\/blog\/wp-json\/wp\/v2\/posts\/3108\/revisions\/3110"}],"wp:featuredmedia":[{"embeddable":true,"href":"http:\/\/www.campingverneda.com\/blog\/wp-json\/wp\/v2\/media\/3111"}],"wp:attachment":[{"href":"http:\/\/www.campingverneda.com\/blog\/wp-json\/wp\/v2\/media?parent=3108"}],"wp:term":[{"taxonomy":"category","embeddable":true,"href":"http:\/\/www.campingverneda.com\/blog\/wp-json\/wp\/v2\/categories?post=3108"},{"taxonomy":"post_tag","embeddable":true,"href":"http:\/\/www.campingverneda.com\/blog\/wp-json\/wp\/v2\/tags?post=3108"}],"curies":[{"name":"wp","href":"https:\/\/api.w.org\/{rel}","templated":true}]}}