{"id":3103,"date":"2019-04-19T07:58:08","date_gmt":"2019-04-19T07:58:08","guid":{"rendered":"http:\/\/www.campingverneda.com\/blog\/?p=3103"},"modified":"2019-04-19T07:58:09","modified_gmt":"2019-04-19T07:58:09","slug":"semana-santa-a-lo-vidaverneda","status":"publish","type":"post","link":"http:\/\/www.campingverneda.com\/blog\/2019\/04\/19\/semana-santa-a-lo-vidaverneda\/","title":{"rendered":"Semana Santa a lo #VIDAVerneda"},"content":{"rendered":"<p>\u00a1Ya la tenemos aqu\u00ed! Por fin lleg\u00f3 la Semana Santa, unos d\u00edas de descanso bien merecidos que nos sirven para recargar las pilas y afrontar con otra actitud la rutina del d\u00eda a d\u00eda. Si adem\u00e1s, el destino de la escapada es la Val d&#8217;Aran, la experiencia ser\u00e1 inolvidable.<\/p>\n<p>Desde siempre, en <a href=\"https:\/\/www.facebook.com\/VernedaCampingMountainResort\" target=\"_blank\" rel=\"noopener\">Verneda Camping Mountain Resort<\/a> <strong>nos encanta dise\u00f1ar y recomendar distintos planes para que vuestra visita sea perfecta<\/strong>. Por ello, este a\u00f1o hemos elaborado distintas rutas mediante las cuales podr\u00e9is conocer los rincones m\u00e1s ocultos y espectaculares de la Val d&#8217;Aran. Nuestra intenci\u00f3n es mostraros aquello que se escapa de las gu\u00edas tur\u00edsticas convencionales y que sint\u00e1is al 100% la esencia de la Naturaleza de este lugar m\u00e1gico.<\/p>\n<p>Esta Semana Santa podr\u00e9is disfrutar con nuestras excursiones a:<br \/>\n&#8211; Visitar el Parque de Fauna<a href=\"http:\/\/www.aran-park.es\/\" target=\"_blank\" rel=\"noopener\"> Aran Park<\/a> con toda la familia<br \/>\n&#8211; Recorrer la <strong>Artiga de Lin, uno de los rincones m\u00e1s emblem\u00e1ticos de la Val d\u2019Aran<\/strong>, donde adem\u00e1s, en su Centro de Interpretaci\u00f3n podr\u00e9is conocer al detalle c\u00f3mo se form\u00f3 este valle y la gran variedad de fauna y flora que se encuentra en \u00e9l.<br \/>\n&#8211; Perderse por <strong>los pueblos m\u00e1s bonitos de la Val d\u2019Aran<\/strong> como Bargergue, Unha, Bausen o Canela, recorrer sus calles de piedra y empaparse de la cultura aranesa a trav\u00e9s de sus gentes.<\/p>\n<p>Adem\u00e1s, encontrar\u00e9is<a href=\"https:\/\/www.instagram.com\/vida_verneda\" target=\"_blank\" rel=\"noopener\"> nuestros acogedores bungalows<\/a> <strong>preparados hasta el \u00faltimo detalle<\/strong><\/p>\n<div id=\"attachment_3105\" style=\"width: 482px\" class=\"wp-caption alignright\"><a href=\"http:\/\/www.campingverneda.com\/blog\/2019\/04\/19\/semana-santa-a-lo-vidaverneda\/aran-park-val-d-aran\/\" rel=\"attachment wp-att-3105\"><img aria-describedby=\"caption-attachment-3105\" decoding=\"async\" loading=\"lazy\" class=\"size-full wp-image-3105\" src=\"http:\/\/www.campingverneda.com\/blog\/wp-content\/uploads\/2019\/04\/aran-park-val-d-aran.jpg\" alt=\"\" width=\"472\" height=\"315\" srcset=\"http:\/\/www.campingverneda.com\/blog\/wp-content\/uploads\/2019\/04\/aran-park-val-d-aran-200x133.jpg 200w, http:\/\/www.campingverneda.com\/blog\/wp-content\/uploads\/2019\/04\/aran-park-val-d-aran-300x200.jpg 300w, http:\/\/www.campingverneda.com\/blog\/wp-content\/uploads\/2019\/04\/aran-park-val-d-aran-400x267.jpg 400w, http:\/\/www.campingverneda.com\/blog\/wp-content\/uploads\/2019\/04\/aran-park-val-d-aran.jpg 472w\" sizes=\"(max-width: 472px) 100vw, 472px\" \/><\/a><p id=\"caption-attachment-3105\" class=\"wp-caption-text\">Aran Park<\/p><\/div>\n<p><strong>para que vuestro descanso sea el mejor que hab\u00e9is tenido en a\u00f1os.<\/strong> Con su ambiente r\u00fastico, <strong>cada tipo de bungalows ofrece un espacio en el que coleccionar momentos con les tuyes<\/strong> y vivir una experiencia en familia, en pareja o en grupo de amigues, que os mantendr\u00e1 todav\u00eda m\u00e1s unides.<\/p>\n<p>Por \u00faltimo, nos gustar\u00eda recomendaros la extensa <strong>gastronom\u00eda que pod\u00e9is encontrar en la Val d&#8217;Aran<\/strong>. Desde los platos de la cocina t\u00edpica aranesa de Eth Restilhe (donde sirven una de las mejores \u00f2lhas de todo el territorio) a la cocina-fusi\u00f3n canalla de REFU Birrer\u00edas, en las que la cerveza artesana local realiza un maridaje perfecto con sabores tra\u00eddos de Asia y Am\u00e9rica con un toque monta\u00f1\u00e9s.<\/p>\n<p>Por ello, un a\u00f1o m\u00e1s <strong>nos gustar\u00eda invitaros a que pas\u00e9is vuestra escapada de Semana Santa con nosotres<\/strong>. Tenemos todo preparado para que \u00fanicamente os preocup\u00e9is de disfrutar, pasarlo en grande en la nieve y recorrer paisajes que os dejar\u00e1n sin aliento. \u00bfEst\u00e1is listes? \u00a1Nosotres s\u00ed!<\/p>\n","protected":false},"excerpt":{"rendered":"<p>\u00a1Ya la tenemos aqu\u00ed! Por fin lleg\u00f3 la Semana Santa, unos d\u00edas de descanso bien merecidos que nos sirven para recargar las pilas y afrontar [&hellip;]<\/p>\n","protected":false},"author":1,"featured_media":3104,"comment_status":"open","ping_status":"open","sticky":false,"template":"","format":"standard","meta":[],"categories":[71,230,72],"tags":[890,1070,546,713,1046,1047,1045,874,911,1074,1075,1073,552,1020,818],"_links":{"self":[{"href":"http:\/\/www.campingverneda.com\/blog\/wp-json\/wp\/v2\/posts\/3103"}],"collection":[{"href":"http:\/\/www.campingverneda.com\/blog\/wp-json\/wp\/v2\/posts"}],"about":[{"href":"http:\/\/www.campingverneda.com\/blog\/wp-json\/wp\/v2\/types\/post"}],"author":[{"embeddable":true,"href":"http:\/\/www.campingverneda.com\/blog\/wp-json\/wp\/v2\/users\/1"}],"replies":[{"embeddable":true,"href":"http:\/\/www.campingverneda.com\/blog\/wp-json\/wp\/v2\/comments?post=3103"}],"version-history":[{"count":2,"href":"http:\/\/www.campingverneda.com\/blog\/wp-json\/wp\/v2\/posts\/3103\/revisions"}],"predecessor-version":[{"id":3107,"href":"http:\/\/www.campingverneda.com\/blog\/wp-json\/wp\/v2\/posts\/3103\/revisions\/3107"}],"wp:featuredmedia":[{"embeddable":true,"href":"http:\/\/www.campingverneda.com\/blog\/wp-json\/wp\/v2\/media\/3104"}],"wp:attachment":[{"href":"http:\/\/www.campingverneda.com\/blog\/wp-json\/wp\/v2\/media?parent=3103"}],"wp:term":[{"taxonomy":"category","embeddable":true,"href":"http:\/\/www.campingverneda.com\/blog\/wp-json\/wp\/v2\/categories?post=3103"},{"taxonomy":"post_tag","embeddable":true,"href":"http:\/\/www.campingverneda.com\/blog\/wp-json\/wp\/v2\/tags?post=3103"}],"curies":[{"name":"wp","href":"https:\/\/api.w.org\/{rel}","templated":true}]}}