{"id":3090,"date":"2019-04-03T10:42:33","date_gmt":"2019-04-03T10:42:33","guid":{"rendered":"http:\/\/www.campingverneda.com\/blog\/?p=3090"},"modified":"2019-04-03T10:42:34","modified_gmt":"2019-04-03T10:42:34","slug":"fin-de-temporada-en-baqueira-beret","status":"publish","type":"post","link":"http:\/\/www.campingverneda.com\/blog\/2019\/04\/03\/fin-de-temporada-en-baqueira-beret\/","title":{"rendered":"Fin de temporada en Baqueira Beret"},"content":{"rendered":"<p>Un a\u00f1o m\u00e1s toca despedirnos de otra temporada genial en Baqueira Beret. <strong>Gracias al arduo trabajo de sus trabajadores, la estaci\u00f3n suma a sus espaldas otra temporada llena de \u00e9xito y afluencia<\/strong>.<\/p>\n<p>Los \u00faltimos d\u00edas de esqu\u00ed se entremezclan con sensaciones de nostalgia por poner fin a la temporada, y un muy buen sabor de boca al recordar todos los momentos vividos en la nieve.<br \/>\n<strong>Son d\u00edas en los que aprovechar al m\u00e1ximo las pistas<\/strong>, aunque tambi\u00e9n se muestran ideales para <a href=\"https:\/\/www.facebook.com\/VernedaCampingMountainResort\/\" target=\"_blank\" rel=\"noopener\"><strong>disfrutar de la mejor estaci\u00f3n del pa\u00eds de otra manera<\/strong><\/a>.<\/p>\n<div id=\"attachment_3092\" style=\"width: 610px\" class=\"wp-caption alignright\"><a href=\"http:\/\/www.campingverneda.com\/blog\/2019\/04\/03\/fin-de-temporada-en-baqueira-beret\/baqueira-beret-verneda-camping-mountain-resort\/\" rel=\"attachment wp-att-3092\"><img aria-describedby=\"caption-attachment-3092\" decoding=\"async\" loading=\"lazy\" class=\"size-full wp-image-3092\" src=\"http:\/\/www.campingverneda.com\/blog\/wp-content\/uploads\/2019\/04\/baqueira-beret-verneda-camping-mountain-resort.jpg\" alt=\"\" width=\"600\" height=\"415\" srcset=\"http:\/\/www.campingverneda.com\/blog\/wp-content\/uploads\/2019\/04\/baqueira-beret-verneda-camping-mountain-resort-200x138.jpg 200w, http:\/\/www.campingverneda.com\/blog\/wp-content\/uploads\/2019\/04\/baqueira-beret-verneda-camping-mountain-resort-300x208.jpg 300w, http:\/\/www.campingverneda.com\/blog\/wp-content\/uploads\/2019\/04\/baqueira-beret-verneda-camping-mountain-resort-400x277.jpg 400w, http:\/\/www.campingverneda.com\/blog\/wp-content\/uploads\/2019\/04\/baqueira-beret-verneda-camping-mountain-resort.jpg 600w\" sizes=\"(max-width: 600px) 100vw, 600px\" \/><\/a><p id=\"caption-attachment-3092\" class=\"wp-caption-text\">Fuente: Baqueira Beret<\/p><\/div>\n<p>Muches son les que, tras una temporada con los esqu\u00eds a los pies, se atreven con el snowboard y viceversa, descubriendo las sensaciones de probar otro deporte y ver c\u00f3mo se defienden en las \u00faltimas bajadas.<\/p>\n<p>Tambi\u00e9n es una <strong>\u00e9poca perfecta para practicar esqu\u00ed n\u00f3rdico<\/strong> mientras los d\u00edas de sol nos regalan una temperatura muy agradable para pasar la ma\u00f1ana practicando uno de los deportes de nieve m\u00e1s antiguos.<\/p>\n<p>Les amantes del <strong>skimo<\/strong> se dejan ver aprovechando al m\u00e1ximo toda la nieve que queda para <strong>realizar rutas y excursiones donde los paisajes incre\u00edbles son los protagonistas<\/strong>.<\/p>\n<p>\u00a1Incluso sin esqu\u00eds o tabla lo pasar\u00e1s en grande! <strong>La zona de Beret es conocida por muchas familias por ser un lugar ideal para pas\u00e1rselo bomba con los trineos<\/strong> o caminando sobre la pista nevada que lleva al <strong>pueblo de Montgarri<\/strong>, mientras una vista sin igual preside la excursi\u00f3n. Recuperar fuerzas con un men\u00fa de monta\u00f1a en el refugio del santuario y regresar al Pla de Beret con una sonrisa es la opci\u00f3n preferida por muches, que tambi\u00e9n se atreven a <strong>realizarla con raquetas o motos de nieve<\/strong>.<\/p>\n<p><a href=\"https:\/\/www.instagram.com\/vida_verneda\/\" target=\"_blank\" rel=\"noopener\"><strong>La diversi\u00f3n est\u00e1 asegurada<\/strong><\/a>, y es que en las \u00faltimas semanas los clubes de esqu\u00ed celebran sus carreras sociales,<strong> eventos cargados de buen rollo<\/strong> en los que se miden les alumnes de todos los niveles y llenan de ambiente el stadium y cafeter\u00eda de Beret.<\/p>\n<p>En definitiva, unas <strong>semanas en las que aprovechar para dar los \u00faltimos coletazos en la nieve<\/strong> y despedirse como marcan los c\u00e1nones de una temporada genial, esperando con ilusi\u00f3n a la siguiente mientras <strong>recordamos los grandes momentos vividos en Baqueira Beret<\/strong>.<\/p>\n","protected":false},"excerpt":{"rendered":"<p>Un a\u00f1o m\u00e1s toca despedirnos de otra temporada genial en Baqueira Beret. Gracias al arduo trabajo de sus trabajadores, la estaci\u00f3n suma a sus espaldas [&hellip;]<\/p>\n","protected":false},"author":1,"featured_media":3091,"comment_status":"open","ping_status":"open","sticky":false,"template":"","format":"standard","meta":[],"categories":[71,72],"tags":[890,1070,546,713,1040,1077,1046,1047,874,911,1074,1073,1076,552,1020,818],"_links":{"self":[{"href":"http:\/\/www.campingverneda.com\/blog\/wp-json\/wp\/v2\/posts\/3090"}],"collection":[{"href":"http:\/\/www.campingverneda.com\/blog\/wp-json\/wp\/v2\/posts"}],"about":[{"href":"http:\/\/www.campingverneda.com\/blog\/wp-json\/wp\/v2\/types\/post"}],"author":[{"embeddable":true,"href":"http:\/\/www.campingverneda.com\/blog\/wp-json\/wp\/v2\/users\/1"}],"replies":[{"embeddable":true,"href":"http:\/\/www.campingverneda.com\/blog\/wp-json\/wp\/v2\/comments?post=3090"}],"version-history":[{"count":2,"href":"http:\/\/www.campingverneda.com\/blog\/wp-json\/wp\/v2\/posts\/3090\/revisions"}],"predecessor-version":[{"id":3094,"href":"http:\/\/www.campingverneda.com\/blog\/wp-json\/wp\/v2\/posts\/3090\/revisions\/3094"}],"wp:featuredmedia":[{"embeddable":true,"href":"http:\/\/www.campingverneda.com\/blog\/wp-json\/wp\/v2\/media\/3091"}],"wp:attachment":[{"href":"http:\/\/www.campingverneda.com\/blog\/wp-json\/wp\/v2\/media?parent=3090"}],"wp:term":[{"taxonomy":"category","embeddable":true,"href":"http:\/\/www.campingverneda.com\/blog\/wp-json\/wp\/v2\/categories?post=3090"},{"taxonomy":"post_tag","embeddable":true,"href":"http:\/\/www.campingverneda.com\/blog\/wp-json\/wp\/v2\/tags?post=3090"}],"curies":[{"name":"wp","href":"https:\/\/api.w.org\/{rel}","templated":true}]}}