{"id":2742,"date":"2019-01-22T08:05:06","date_gmt":"2019-01-22T08:05:06","guid":{"rendered":"http:\/\/www.campingverneda.com\/blog\/?p=2742"},"modified":"2020-09-03T16:51:56","modified_gmt":"2020-09-03T16:51:56","slug":"que-hacer-en-invierno-en-la-val-daran","status":"publish","type":"post","link":"http:\/\/www.campingverneda.com\/blog\/2019\/01\/22\/que-hacer-en-invierno-en-la-val-daran\/","title":{"rendered":"\u00bfQu\u00e9 hacer en invierno en la Val d&#8217;Aran?"},"content":{"rendered":"<p style=\"text-align: justify;\">Cuando se nos vienen a la cabeza las palabras <strong>invierno y Val d&#8217;Aran, indudablemente pensamos en los deportes de invierno y la estaci\u00f3n de Baqueira Beret<\/strong>, elemento indispensable en el invierno aran\u00e9s.<\/p>\n<p style=\"text-align: justify;\">Pero, \u00bfqu\u00e9 hay de <strong>aquellas actividades que no necesitan de forfait<\/strong> para pasarlo en grande? Hoy queremos comentaros nuestras tres favoritas, aunque os aseguramos que existen muchas m\u00e1s.<\/p>\n<p style=\"text-align: justify;\"><strong>Planes para familias con ni\u00f1xs:<\/strong><\/p>\n<p style=\"text-align: justify;\">Un cl\u00e1sico para disfrutar de la nieve sin necesidad de subirnos a ning\u00fan remonte es<strong> jugar a deslizarnos en trineo por los pintorescos prados nevados que rodean cualquier pueblo de la Val d&#8217;Aran<\/strong>. Es una manera de que lxs m\u00e1s peques de la casa entren en contacto con la nieve de la manera m\u00e1s divertida. Otra actividad con la que pasarlo bien en familia es <strong>patinando sobre hielo en el Palai de G\u00e8u de Vielha <\/strong>(actualemente la pista de hielo permanece cerrada), donde encontrar\u00e9is siempre un ambiente amigable y familiar.<\/p>\n<div class=\"fusion-fullwidth fullwidth-box hundred-percent-fullwidth non-hundred-percent-height-scrolling\"  style='background-color: rgba(255,255,255,0);background-position: center center;background-repeat: no-repeat;padding-top:0px;padding-right:30px;padding-bottom:0px;padding-left:30px;border-top-width:0px;border-bottom-width:0px;border-color:#eae9e9;border-top-style:solid;border-bottom-style:solid;'><div class=\"fusion-builder-row fusion-row \"><div  class=\"fusion-layout-column fusion_builder_column fusion_builder_column_1_1  fusion-one-full fusion-column-first fusion-column-last fusion-column-no-min-height 1_1\"  style='margin-top:0px;margin-bottom:0px;'>\n\t\t\t\t\t<div class=\"fusion-column-wrapper\" style=\"background-position:left top;background-repeat:no-repeat;-webkit-background-size:cover;-moz-background-size:cover;-o-background-size:cover;background-size:cover;\"   data-bg-url=\"\">\n\t\t\t\t\t\t\n<div id=\"attachment_2743\" style=\"width: 955px\" class=\"wp-caption alignnone\"><a href=\"http:\/\/www.campingverneda.com\/blog\/wp-content\/uploads\/2019\/01\/verneda_mountain_resort_val_d_aran.jpg\"><img aria-describedby=\"caption-attachment-2743\" decoding=\"async\" loading=\"lazy\" class=\"size-full wp-image-2743\" src=\"http:\/\/www.campingverneda.com\/blog\/wp-content\/uploads\/2019\/01\/verneda_mountain_resort_val_d_aran.jpg\" alt=\"Nieve y risas aseguradas en la Val d'Aran\" width=\"945\" height=\"668\" srcset=\"http:\/\/www.campingverneda.com\/blog\/wp-content\/uploads\/2019\/01\/verneda_mountain_resort_val_d_aran-300x212.jpg 300w, http:\/\/www.campingverneda.com\/blog\/wp-content\/uploads\/2019\/01\/verneda_mountain_resort_val_d_aran-600x424.jpg 600w, http:\/\/www.campingverneda.com\/blog\/wp-content\/uploads\/2019\/01\/verneda_mountain_resort_val_d_aran.jpg 945w\" sizes=\"(max-width: 945px) 100vw, 945px\" \/><\/a><p id=\"caption-attachment-2743\" class=\"wp-caption-text\">Nieve y risas aseguradas en la Val d&#8217;Aran<\/p><\/div>\n<p style=\"text-align: justify;\"><strong>Planes para disfrutar con nuestras mascotas:<\/strong><\/p>\n<p style=\"text-align: justify;\">El aire limpio, la ausencia de edificios, ruidos y estr\u00e9s no s\u00f3lo beneficia a los humanos, si no que los perros gozan igual o m\u00e1s que sus due\u00f1xs correteando y descubriendo rincones nuevos en plena Naturaleza. <strong>Una buena actividad es descubrir el esqu\u00ed n\u00f3rdico, una modalidad que nos permite aprender paso a paso y acompa\u00f1ados de nuestrxs mejores amigos al lado<\/strong>. Se trata de una manera de hacer ejercicio y disfrutar en compa\u00f1\u00eda perruna de la naturaleza piren\u00e1ica.<\/p>\n<div class=\"fusion-clearfix\"><\/div>\n\n\t\t\t\t\t<\/div>\n\t\t\t\t<\/div><div  class=\"fusion-layout-column fusion_builder_column fusion_builder_column_1_1  fusion-one-full fusion-column-first fusion-column-last fusion-column-no-min-height 1_1\"  style='margin-top:0px;margin-bottom:0px;'>\n\t\t\t\t\t<div class=\"fusion-column-wrapper\" style=\"background-position:left top;background-repeat:no-repeat;-webkit-background-size:cover;-moz-background-size:cover;-o-background-size:cover;background-size:cover;\"   data-bg-url=\"\">\n\t\t\t\t\t\t\n<div id=\"attachment_2746\" style=\"width: 955px\" class=\"wp-caption alignnone\"><a href=\"http:\/\/www.campingverneda.com\/blog\/wp-content\/uploads\/2019\/01\/verneda-mountain-resoert-pet-friendly.jpg\"><img aria-describedby=\"caption-attachment-2746\" decoding=\"async\" loading=\"lazy\" class=\"size-full wp-image-2746\" src=\"http:\/\/www.campingverneda.com\/blog\/wp-content\/uploads\/2019\/01\/verneda-mountain-resoert-pet-friendly.jpg\" alt=\"Esqu\u00ed n\u00f3rdico con perros\" width=\"945\" height=\"668\" srcset=\"http:\/\/www.campingverneda.com\/blog\/wp-content\/uploads\/2019\/01\/verneda-mountain-resoert-pet-friendly-300x212.jpg 300w, http:\/\/www.campingverneda.com\/blog\/wp-content\/uploads\/2019\/01\/verneda-mountain-resoert-pet-friendly-600x424.jpg 600w, http:\/\/www.campingverneda.com\/blog\/wp-content\/uploads\/2019\/01\/verneda-mountain-resoert-pet-friendly.jpg 945w\" sizes=\"(max-width: 945px) 100vw, 945px\" \/><\/a><p id=\"caption-attachment-2746\" class=\"wp-caption-text\">Esqu\u00ed n\u00f3rdico con perros<\/p><\/div>\n<p style=\"text-align: justify;\"><strong>Planes para vivir una experiencia inolvidable con amigxs:<\/strong><\/p>\n<p style=\"text-align: justify;\"><strong>Si visit\u00e1is la Val d&#8217;Aran junto a un grupo de amigxs, la oferta cultural y de ocio es ilimitada<\/strong>, pero para aprovechar bien los paisajes invernales, no se nos ocurre mejor manera que con una <strong>excursi\u00f3n con raquetas en las que las risas y los buenos momentos est\u00e1n asegurados mientras conoc\u00e9is la esencia de la Naturaleza aranesa<\/strong>.<br \/>\nTras una buena caminata, nada mejor que <strong>recuperar fuerzas recorriendo los gastro bares de Vielha y probando todo tipo de maravillas gastron\u00f3micas y productos locales<\/strong>.<\/p>\n<div class=\"fusion-clearfix\"><\/div>\n\n\t\t\t\t\t<\/div>\n\t\t\t\t<\/div><div  class=\"fusion-layout-column fusion_builder_column fusion_builder_column_1_1  fusion-one-full fusion-column-first fusion-column-last fusion-column-no-min-height 1_1\"  style='margin-top:0px;margin-bottom:0px;'>\n\t\t\t\t\t<div class=\"fusion-column-wrapper\" style=\"background-position:left top;background-repeat:no-repeat;-webkit-background-size:cover;-moz-background-size:cover;-o-background-size:cover;background-size:cover;\"   data-bg-url=\"\">\n\t\t\t\t\t\t\n<div id=\"attachment_2748\" style=\"width: 955px\" class=\"wp-caption alignnone\"><a href=\"http:\/\/www.campingverneda.com\/blog\/wp-content\/uploads\/2019\/01\/turismo_activo_val_d_aran_verneda_mopuntain.jpg\"><img aria-describedby=\"caption-attachment-2748\" decoding=\"async\" loading=\"lazy\" class=\"size-full wp-image-2748\" src=\"http:\/\/www.campingverneda.com\/blog\/wp-content\/uploads\/2019\/01\/turismo_activo_val_d_aran_verneda_mopuntain.jpg\" alt=\"Llegada en raquetas hasta la Bassa d'Arres\" width=\"945\" height=\"668\" srcset=\"http:\/\/www.campingverneda.com\/blog\/wp-content\/uploads\/2019\/01\/turismo_activo_val_d_aran_verneda_mopuntain-300x212.jpg 300w, http:\/\/www.campingverneda.com\/blog\/wp-content\/uploads\/2019\/01\/turismo_activo_val_d_aran_verneda_mopuntain-600x424.jpg 600w, http:\/\/www.campingverneda.com\/blog\/wp-content\/uploads\/2019\/01\/turismo_activo_val_d_aran_verneda_mopuntain.jpg 945w\" sizes=\"(max-width: 945px) 100vw, 945px\" \/><\/a><p id=\"caption-attachment-2748\" class=\"wp-caption-text\">Llegada en raquetas hasta la Bassa d&#8217;Arres<\/p><\/div>\n<p style=\"text-align: justify;\">Por \u00faltimo, recordaros que si os gusta el <strong>esqu\u00ed n\u00f3rdico<\/strong>, esta a\u00f1o vamos a preparar una nueva promoci\u00f3n para que si quer\u00e9is asistir a <strong>una de las carreras abiertas m\u00e1s emblem\u00e1ticas de este deporte, la <a href=\"https:\/\/www.instagram.com\/p\/Bsuz2ZSDZx1\/\" target=\"_blank\" rel=\"noopener\">Marxa Beret<\/a>, lo hag\u00e1is disfrutando del ambiente m\u00e1s acogedor en Verneda Camping Mountain Resort<\/strong>.<\/p>\n<div class=\"fusion-clearfix\"><\/div>\n\n\t\t\t\t\t<\/div>\n\t\t\t\t<\/div><\/div><\/div>\n","protected":false},"excerpt":{"rendered":"<p>Cuando se nos vienen a la cabeza las palabras invierno y Val d&#8217;Aran, indudablemente pensamos en los deportes de invierno y la estaci\u00f3n de Baqueira [&hellip;]<\/p>\n","protected":false},"author":1,"featured_media":2745,"comment_status":"open","ping_status":"open","sticky":false,"template":"","format":"standard","meta":[],"categories":[71,73,72],"tags":[890,1027,611,546,713,874,107,911,1026,552,627,1020,818],"_links":{"self":[{"href":"http:\/\/www.campingverneda.com\/blog\/wp-json\/wp\/v2\/posts\/2742"}],"collection":[{"href":"http:\/\/www.campingverneda.com\/blog\/wp-json\/wp\/v2\/posts"}],"about":[{"href":"http:\/\/www.campingverneda.com\/blog\/wp-json\/wp\/v2\/types\/post"}],"author":[{"embeddable":true,"href":"http:\/\/www.campingverneda.com\/blog\/wp-json\/wp\/v2\/users\/1"}],"replies":[{"embeddable":true,"href":"http:\/\/www.campingverneda.com\/blog\/wp-json\/wp\/v2\/comments?post=2742"}],"version-history":[{"count":5,"href":"http:\/\/www.campingverneda.com\/blog\/wp-json\/wp\/v2\/posts\/2742\/revisions"}],"predecessor-version":[{"id":2932,"href":"http:\/\/www.campingverneda.com\/blog\/wp-json\/wp\/v2\/posts\/2742\/revisions\/2932"}],"wp:featuredmedia":[{"embeddable":true,"href":"http:\/\/www.campingverneda.com\/blog\/wp-json\/wp\/v2\/media\/2745"}],"wp:attachment":[{"href":"http:\/\/www.campingverneda.com\/blog\/wp-json\/wp\/v2\/media?parent=2742"}],"wp:term":[{"taxonomy":"category","embeddable":true,"href":"http:\/\/www.campingverneda.com\/blog\/wp-json\/wp\/v2\/categories?post=2742"},{"taxonomy":"post_tag","embeddable":true,"href":"http:\/\/www.campingverneda.com\/blog\/wp-json\/wp\/v2\/tags?post=2742"}],"curies":[{"name":"wp","href":"https:\/\/api.w.org\/{rel}","templated":true}]}}