{"id":2736,"date":"2019-01-16T09:53:26","date_gmt":"2019-01-16T09:53:26","guid":{"rendered":"http:\/\/www.campingverneda.com\/blog\/?p=2736"},"modified":"2019-03-06T09:31:50","modified_gmt":"2019-03-06T09:31:50","slug":"semana-blanca-en-los-pirineos","status":"publish","type":"post","link":"http:\/\/www.campingverneda.com\/blog\/2019\/01\/16\/semana-blanca-en-los-pirineos\/","title":{"rendered":"Semana blanca en los Pirineos"},"content":{"rendered":"<p style=\"text-align: justify;\">\u00a1Por fin! Un a\u00f1o m\u00e1s regresan los d\u00edas llenos de nieve y deporte que llenan las horas de lo que conocemos como Semana Blanca, combinadas con risas, felicidad y buenos momentos.<\/p>\n<p style=\"text-align: justify;\">La semana Blanca se trata de la combinaci\u00f3n de diferentes d\u00edas no lectivos en las escuelas junto a la falta de festivos de algunas comunidades aut\u00f3nomas que logran sumar siete d\u00edas en los que <strong>muchxs aficionadxs y ne\u00f3fitos acuden a distintas estaciones de esqu\u00ed para disfrutar del oro blanco<\/strong>.<br \/>\n\u00bfSe te ocurre alguna manera mejor que hacerlo en la Val d&#8217;Aran?<strong> La estaci\u00f3n de Baqueira Beret est\u00e1 considerada como la de mayor prestigio a nivel nacional<\/strong> y es que no es para menos, puesto que sus cientos de km de pistas esquiables suelen mostrar todo su esplendor en la \u00e9poca en la que se celebra la Semana Blanca.<br \/>\n<a href=\"http:\/\/www.campingverneda.com\/blog\/wp-content\/uploads\/2019\/01\/baqueira_beret_val_d_aran.jpg\"><img decoding=\"async\" loading=\"lazy\" class=\"alignnone size-full wp-image-2739\" src=\"http:\/\/www.campingverneda.com\/blog\/wp-content\/uploads\/2019\/01\/baqueira_beret_val_d_aran.jpg\" alt=\"baqueira_beret_val_d_aran\" width=\"945\" height=\"668\" srcset=\"http:\/\/www.campingverneda.com\/blog\/wp-content\/uploads\/2019\/01\/baqueira_beret_val_d_aran-300x212.jpg 300w, http:\/\/www.campingverneda.com\/blog\/wp-content\/uploads\/2019\/01\/baqueira_beret_val_d_aran-600x424.jpg 600w, http:\/\/www.campingverneda.com\/blog\/wp-content\/uploads\/2019\/01\/baqueira_beret_val_d_aran.jpg 945w\" sizes=\"(max-width: 945px) 100vw, 945px\" \/><\/a><br \/>\nComo cada a\u00f1o, <strong>desde <a href=\"https:\/\/www.facebook.com\/VernedaCampingMountainResort\/\" target=\"_blank\" rel=\"noopener\">Verneda Camping Mountain Resort <\/a>organizamos unas tarifas especiales<\/strong> para aquellxs que decid\u00e1is vivir una <strong>estancia diferente en la Val d&#8217;Aran<\/strong>, donde adem\u00e1s de pasarlo en grande en la nieve, pod\u00e1is sentiros como en casa disfrutando de la Naturaleza y un ambiente c\u00e1lido y acogedor.<\/p>\n<p style=\"text-align: justify;\"><strong>Nuestro prop\u00f3sito es que esta Semana Blanca se convierta en la mejor de tu vida<\/strong>, y estamos segurxs de que lo conseguiremos. Adem\u00e1s de un <strong>precio incre\u00edble en tu reserva<\/strong>, nuestro staff va a trabajar a pleno rendimiento para lograr que no os falte de nada y \u00fanicamente os preocup\u00e9is de a que hora madrugar para subir a pistas, o realizar distintas excursiones en raquetas, puesto que <strong>el descanso pleno en nuestro resort est\u00e1 garantizado<\/strong>.<\/p>\n<p style=\"text-align: justify;\">En esta ocasi\u00f3n, hemos dise\u00f1ado varias promociones para que pod\u00e1is venir a sentir una verdadera experiencia alpina:<\/p>\n<ul style=\"text-align: justify;\">\n<li>Durante <a href=\"http:\/\/thelisresa.webcamp.fr\/list.php?camping=verneda&amp;track=1112019&amp;type=0&amp;typelocation=0&amp;nb_pers=0&amp;begin=25\/01\/2019&amp;end=27\/01\/2019&amp;duration=2&amp;beginType=0&amp;tolerance=1&amp;lang=es\" target=\"_blank\" rel=\"noopener\">todos los fines de semana de invierno, descuento del 15% <\/a>en estancias de dos 2 noches hasta el 10 de febrero.<\/li>\n<li>\u00a0Del <a href=\"http:\/\/thelisresa.webcamp.fr\/list.php?camping=verneda&amp;track=1112019&amp;type=0&amp;typelocation=0&amp;nb_pers=0&amp;begin=27\/02\/2019&amp;end=03\/03\/2019&amp;duration=7&amp;beginType=0&amp;tolerance=4&amp;lang=es\" target=\"_blank\" rel=\"noopener\">14 de febrero hasta el 10 de marzo podr\u00e9is disfrutar de un 20% de descuento<\/a> en estancias de 4 noches.<\/li>\n<\/ul>\n<div class=\"fusion-fullwidth fullwidth-box hundred-percent-fullwidth non-hundred-percent-height-scrolling\"  style='background-color: rgba(255,255,255,0);background-position: center center;background-repeat: no-repeat;padding-top:0px;padding-right:30px;padding-bottom:0px;padding-left:30px;border-top-width:0px;border-bottom-width:0px;border-color:#eae9e9;border-top-style:solid;border-bottom-style:solid;'><div class=\"fusion-builder-row fusion-row \"><div  class=\"fusion-layout-column fusion_builder_column fusion_builder_column_1_1  fusion-one-full fusion-column-first fusion-column-last fusion-column-no-min-height 1_1\"  style='margin-top:0px;margin-bottom:0px;'>\n\t\t\t\t\t<div class=\"fusion-column-wrapper\" style=\"background-position:left top;background-repeat:no-repeat;-webkit-background-size:cover;-moz-background-size:cover;-o-background-size:cover;background-size:cover;\"   data-bg-url=\"\">\n\t\t\t\t\t\t\n<div id=\"attachment_2738\" style=\"width: 955px\" class=\"wp-caption alignnone\"><a href=\"http:\/\/www.campingverneda.com\/blog\/wp-content\/uploads\/2019\/01\/verneda-mountain-resort-val-d-aran-bungalow.jpg\"><img aria-describedby=\"caption-attachment-2738\" decoding=\"async\" loading=\"lazy\" class=\"size-full wp-image-2738\" src=\"http:\/\/www.campingverneda.com\/blog\/wp-content\/uploads\/2019\/01\/verneda-mountain-resort-val-d-aran-bungalow.jpg\" alt=\"Borda Suite, el bungalow ideal para sentir la esencia de los Pirineos\" width=\"945\" height=\"668\" srcset=\"http:\/\/www.campingverneda.com\/blog\/wp-content\/uploads\/2019\/01\/verneda-mountain-resort-val-d-aran-bungalow-300x212.jpg 300w, http:\/\/www.campingverneda.com\/blog\/wp-content\/uploads\/2019\/01\/verneda-mountain-resort-val-d-aran-bungalow-600x424.jpg 600w, http:\/\/www.campingverneda.com\/blog\/wp-content\/uploads\/2019\/01\/verneda-mountain-resort-val-d-aran-bungalow.jpg 945w\" sizes=\"(max-width: 945px) 100vw, 945px\" \/><\/a><p id=\"caption-attachment-2738\" class=\"wp-caption-text\">Borda Suite, el bungalow ideal para sentir la esencia de los Pirineos<\/p><\/div>\n<p style=\"text-align: justify;\">Es una oportunidad \u00fanica de venir a conocer el invierno aran\u00e9s a un precio sin igual y gozando de todas las comodidades de nuestros bungalows. Cada a\u00f1o sois m\u00e1s aquellxs que confi\u00e1is en nuestras instalaciones para pasar una Semana Blanca \u00fanica, as\u00ed que no os durm\u00e1is en los laureles y aprovechad nuestra promoci\u00f3n de invierno en Pirineos. \u00a1Os esperamos!<\/p>\n<div class=\"fusion-clearfix\"><\/div>\n\n\t\t\t\t\t<\/div>\n\t\t\t\t<\/div><\/div><\/div>\n","protected":false},"excerpt":{"rendered":"<p>\u00a1Por fin! Un a\u00f1o m\u00e1s regresan los d\u00edas llenos de nieve y deporte que llenan las horas de lo que conocemos como Semana Blanca, combinadas [&hellip;]<\/p>\n","protected":false},"author":1,"featured_media":2737,"comment_status":"open","ping_status":"open","sticky":false,"template":"","format":"standard","meta":[],"categories":[71,73,72],"tags":[49,699,1025,782,818],"_links":{"self":[{"href":"http:\/\/www.campingverneda.com\/blog\/wp-json\/wp\/v2\/posts\/2736"}],"collection":[{"href":"http:\/\/www.campingverneda.com\/blog\/wp-json\/wp\/v2\/posts"}],"about":[{"href":"http:\/\/www.campingverneda.com\/blog\/wp-json\/wp\/v2\/types\/post"}],"author":[{"embeddable":true,"href":"http:\/\/www.campingverneda.com\/blog\/wp-json\/wp\/v2\/users\/1"}],"replies":[{"embeddable":true,"href":"http:\/\/www.campingverneda.com\/blog\/wp-json\/wp\/v2\/comments?post=2736"}],"version-history":[{"count":4,"href":"http:\/\/www.campingverneda.com\/blog\/wp-json\/wp\/v2\/posts\/2736\/revisions"}],"predecessor-version":[{"id":2931,"href":"http:\/\/www.campingverneda.com\/blog\/wp-json\/wp\/v2\/posts\/2736\/revisions\/2931"}],"wp:featuredmedia":[{"embeddable":true,"href":"http:\/\/www.campingverneda.com\/blog\/wp-json\/wp\/v2\/media\/2737"}],"wp:attachment":[{"href":"http:\/\/www.campingverneda.com\/blog\/wp-json\/wp\/v2\/media?parent=2736"}],"wp:term":[{"taxonomy":"category","embeddable":true,"href":"http:\/\/www.campingverneda.com\/blog\/wp-json\/wp\/v2\/categories?post=2736"},{"taxonomy":"post_tag","embeddable":true,"href":"http:\/\/www.campingverneda.com\/blog\/wp-json\/wp\/v2\/tags?post=2736"}],"curies":[{"name":"wp","href":"https:\/\/api.w.org\/{rel}","templated":true}]}}