{"id":1297,"date":"2016-06-02T14:42:30","date_gmt":"2016-06-02T14:42:30","guid":{"rendered":"http:\/\/www.campingverneda.com\/blog\/?p=1297"},"modified":"2019-03-03T16:39:28","modified_gmt":"2019-03-03T16:39:28","slug":"ruta-de-las-ermitas-por-los-senderos-del-medio-y-del-bajo-aran","status":"publish","type":"post","link":"http:\/\/www.campingverneda.com\/blog\/2016\/06\/02\/ruta-de-las-ermitas-por-los-senderos-del-medio-y-del-bajo-aran\/","title":{"rendered":"Ruta de las ermitas por los senderos del Medio y del Bajo Aran"},"content":{"rendered":"<p style=\"text-align: justify;\">El patrimonio cultural de la Val d\u2019Aran es enorme. La cultura aranesa y su gastronom\u00eda son los puntos fuertes y m\u00e1s conocidos por los for\u00e1neos que visitan el valle de valles. Pero, \u00bfsab\u00edas que tambi\u00e9n existe un enorme patrimonio de iglesias y ermitas? Muchas de ellas, incluso datan del Rom\u00e1nico.<\/p>\n<p>En el post de hoy queremos ofreceros una experiencia a trav\u00e9s de algunos recorridos de senderos poco conocidos en los que podr\u00e9is descubrir algunas de las ermitas y pilares escondidos por varios rincones de la Val d\u2019Aran.<\/p>\n<p style=\"text-align: justify;\"><a href=\"http:\/\/www.campingverneda.com\/blog\/wp-content\/uploads\/2016\/06\/Pirineos-catalanes-vilamos-verneda-mountain-resort_animal-lovers_pirineos.jpg\"><img decoding=\"async\" loading=\"lazy\" class=\"alignnone size-full wp-image-1299\" src=\"http:\/\/www.campingverneda.com\/blog\/wp-content\/uploads\/2016\/06\/Pirineos-catalanes-vilamos-verneda-mountain-resort_animal-lovers_pirineos.jpg\" alt=\"Pirineos-catalanes-vilamos-verneda-mountain-resort_animal-lovers_pirineos\" width=\"945\" height=\"668\" srcset=\"http:\/\/www.campingverneda.com\/blog\/wp-content\/uploads\/2016\/06\/Pirineos-catalanes-vilamos-verneda-mountain-resort_animal-lovers_pirineos-300x212.jpg 300w, http:\/\/www.campingverneda.com\/blog\/wp-content\/uploads\/2016\/06\/Pirineos-catalanes-vilamos-verneda-mountain-resort_animal-lovers_pirineos-600x424.jpg 600w, http:\/\/www.campingverneda.com\/blog\/wp-content\/uploads\/2016\/06\/Pirineos-catalanes-vilamos-verneda-mountain-resort_animal-lovers_pirineos.jpg 945w\" sizes=\"(max-width: 945px) 100vw, 945px\" \/><\/a><\/p>\n<p>Para acceder a la primera ruta que os ofrecemos, ten\u00e9is que ir hasta el pueblo de Vilam\u00f2s. Vilam\u00f2s se encuentra a 1255m de altura y es considerado como uno de los pueblos m\u00e1s antiguos de la Val d\u2019Aran. Deb\u00e9is recorrer la serpenteante carretera hacia Vilam\u00f2s, una vez lleg\u00e1is al pueblo, se deja el coche en el parking de la entrada del pueblo. Justo en frente del parking, se ve un cartel indicativo que conduce hasta la ermita. Se trata de un sendero muy f\u00e1cil, que pasa por delante del cementerio del pueblo. A trav\u00e9s de un bosque repleto de avellanos, se encuentra un desv\u00edo a la derecha, se\u00f1alizado por una hita de piedras. Andando un poco m\u00e1s, se llega a la ermita escondida de<strong> Sant Miqu\u00e8u<\/strong>. Esta ermita rom\u00e1nica, es la m\u00e1s antigua de la Val d\u2019Aran y tiene fecha del s XI. \u00bfLo mejor de encontrar la ermita? Las hermosas vistas que se pueden contemplar la Ribera de la Artiga de Lin y el macizo de la Maladeta con el Aneto al fondo. Esta ruta es perfecta para disfrutar en familia.<\/p>\n<p>Para volver al parking, ten\u00e9is que recorrer el mismo sendero. Una vez llegu\u00e9is al fin del sendero, observar\u00e9is un camino que va por debajo, paralelo al que segu\u00eds. Ese es el camino que une el pueblo de Vilam\u00f2s con la Ribera de Barrad\u00f2s, y lleva hasta el santuario de <strong>Sant Joan Batista de Arr\u00f2s<\/strong>. El santuario se encuentra rodeado de unas bordas t\u00edpicas aranesas que son propiedad de algunos locales del pueblo de Arr\u00f2s. Esta ermita\u00a0 es de estilo rom\u00e1nico-lombardo. Si quer\u00e9is m\u00e1s informaci\u00f3n sobre la ermita, pod\u00e9is verlo <a href=\"http:\/\/www.visitvaldaran.com\/ca\/item\/sant-joan-darros-e-vila-2\/\" target=\"_blank\">aqu\u00ed<\/a> .<\/p>\n<p>La ruta de vuelta es por el mismo camino por el que hab\u00e9is venido, de nuevo hasta el pueblo de Vilam\u00f2s. La duraci\u00f3n de la ruta es de unas 3 horas aproximadamente y es accesible para todo el mundo, \u00a1ni\u00f1os incluido!<\/p>\n<p style=\"text-align: justify;\"><a href=\"http:\/\/www.campingverneda.com\/blog\/wp-content\/uploads\/2016\/06\/Ermitas_senderos_valdaran_mountainresort_pirineo.jpg\"><img decoding=\"async\" loading=\"lazy\" class=\"alignnone size-full wp-image-1300\" src=\"http:\/\/www.campingverneda.com\/blog\/wp-content\/uploads\/2016\/06\/Ermitas_senderos_valdaran_mountainresort_pirineo.jpg\" alt=\"Ermitas_senderos_valdaran_mountainresort_pirineo\" width=\"945\" height=\"668\" srcset=\"http:\/\/www.campingverneda.com\/blog\/wp-content\/uploads\/2016\/06\/Ermitas_senderos_valdaran_mountainresort_pirineo-300x212.jpg 300w, http:\/\/www.campingverneda.com\/blog\/wp-content\/uploads\/2016\/06\/Ermitas_senderos_valdaran_mountainresort_pirineo-600x424.jpg 600w, http:\/\/www.campingverneda.com\/blog\/wp-content\/uploads\/2016\/06\/Ermitas_senderos_valdaran_mountainresort_pirineo.jpg 945w\" sizes=\"(max-width: 945px) 100vw, 945px\" \/><\/a><\/p>\n<p>Si todav\u00eda os hab\u00e9is quedado con m\u00e1s ganas de descubrir y recorrer la Val d\u2019Aran, os proponemos\u00a0 llegar hasta el pueblo de Arres de Sus, a pocos kil\u00f3metros de Vilam\u00f2s (en coche). Una vez entr\u00e1is con el coche en el pueblo de Arres de Sus, ten\u00e9is que cruzar el pueblo hasta encontrar un sendero se\u00f1alizado que conduce hasta la Bassa de Arres. Una vez arriba de la Bassa de Arres, encontrar\u00e9is con el pilar o capeleta (en aran\u00e9s) dedicado a <strong>Santa Maria de Arres<\/strong>.<\/p>\n<p>Este recorrido se puede realizar tanto en coche como a pie, pero nosotros siempre os recomendamos dejar el coche en el pueblo y acceder andando, ya que es una forma de hacer ejercicio y disfrutar del magn\u00edfico entorno que ofrece este valle de valles.\u00a0 Una vez arriba, pod\u00e9is contemplar las magn\u00edficas vistas de la Val d\u2019Aran y, si vais acompa\u00f1ados de vuestros m\u00e1s fieles seguidores, vuestras mascotas, dejad que se den un ba\u00f1o en la Bassa de Arres. Y si sois de los que os hab\u00e9is llevado la comida, este es el lugar perfecto para hacer un descanso, preparar el picnic y recargar fuerzas. Si prefer\u00eds haceros vuestra comida all\u00ed, tambi\u00e9n hay unas barbacoas perfectas para cocinar contemplando uno de los rincones m\u00e1s bonitos de la Val d&#8217;Aran.<\/p>\n<p>Si todav\u00eda ten\u00e9is m\u00e1s ganas de conocer pueblos y ermitas, os recomendamos visitar el pueblo de Les. Entr\u00e1is en el pueblo y dej\u00e1is el coche en el parking pasada la iglesia, justo en frente de las Termas de la Baron\u00eda de Les. Os dirig\u00eds hasta la plaza del pueblo, llamada Plaza del Haro. En ella encontrar\u00e9is un tronco de abeto en el medio de la plaza. Este tronco fue plantado el pasado 14 de mayo en la fiesta denominada \u201cEra Shasclada\u201d, en la que bajan el abeto de las monta\u00f1as y posteriormente se planta en la plaza del pueblo. <em>Era Shasclada<\/em> es el primer preparativo para las fiestas de San Juan, en la que se quema el Haro y se realizan bailes tradicionales a su alrededor. Aqu\u00ed empiezan las fiestas de San Juan y le damos la bienvenida al verano.<\/p>\n<p>Una vez en la plaza, hay que subir por la calle Sabiela que conduce hasta la ermita de Sant Blai, en la que culmina la misma calle. Ah\u00ed os encontrar\u00e9is en la <strong>ermita rom\u00e1nica de Sant Blai<\/strong>.<br \/>\nOs recomendamos, continuar la ruta hasta el castillo <strong>medieval de Pijoert<\/strong> conocido com\u00fanmente como el Castillo de Les. Este castillo era la sede en la \u00e9poca medieval de los se\u00f1ores de Les, que siglos m\u00e1s tarde se desplazaron a la Baron\u00eda de Les.<\/p>\n<p><a href=\"http:\/\/www.campingverneda.com\/blog\/wp-content\/uploads\/2016\/06\/Les_santblai_ermita_pirineo_mountainresort.png\"><img decoding=\"async\" loading=\"lazy\" class=\"alignnone size-full wp-image-1301\" src=\"http:\/\/www.campingverneda.com\/blog\/wp-content\/uploads\/2016\/06\/Les_santblai_ermita_pirineo_mountainresort.png\" alt=\"Les_santblai_ermita_pirineo_mountainresort\" width=\"945\" height=\"668\" srcset=\"http:\/\/www.campingverneda.com\/blog\/wp-content\/uploads\/2016\/06\/Les_santblai_ermita_pirineo_mountainresort-300x212.png 300w, http:\/\/www.campingverneda.com\/blog\/wp-content\/uploads\/2016\/06\/Les_santblai_ermita_pirineo_mountainresort-600x424.png 600w, http:\/\/www.campingverneda.com\/blog\/wp-content\/uploads\/2016\/06\/Les_santblai_ermita_pirineo_mountainresort.png 945w\" sizes=\"(max-width: 945px) 100vw, 945px\" \/><\/a><\/p>\n<p>En el pueblo de Boss\u00f2st, el ayuntamiento ha realizado unas rutas se\u00f1alizadas en las que se pueden ser ver las ermitas que se encuentran en el pueblo. Si qued\u00e9is descargaros el mapa y tener m\u00e1s informaci\u00f3n, aqu\u00ed pod\u00e9is hacer <a href=\"http:\/\/www.valdaran.com\/les-capelles-de-bossost\/\" target=\"_blank\">click<\/a>.<\/p>\n<p>Indispensable: ir bien calzados, con agua,\u00a0 un poco de comida y, sobre todo, con muchas ganas de descubrir todo lo que os puede llegar\u00a0 ofrecer este magn\u00edfico enclave de los Pirineos llamado la Val d\u2019Aran.<\/p>\n","protected":false},"excerpt":{"rendered":"<p>El patrimonio cultural de la Val d\u2019Aran es enorme. La cultura aranesa y su gastronom\u00eda son los puntos fuertes y m\u00e1s conocidos por los for\u00e1neos [&hellip;]<\/p>\n","protected":false},"author":1,"featured_media":1298,"comment_status":"open","ping_status":"open","sticky":false,"template":"","format":"standard","meta":[],"categories":[71,129],"tags":[121,355,47,105,356,359,358,54,153,357,14,184,336,360,363,212,354,361,362,94,288,318,13,301,42,211],"_links":{"self":[{"href":"http:\/\/www.campingverneda.com\/blog\/wp-json\/wp\/v2\/posts\/1297"}],"collection":[{"href":"http:\/\/www.campingverneda.com\/blog\/wp-json\/wp\/v2\/posts"}],"about":[{"href":"http:\/\/www.campingverneda.com\/blog\/wp-json\/wp\/v2\/types\/post"}],"author":[{"embeddable":true,"href":"http:\/\/www.campingverneda.com\/blog\/wp-json\/wp\/v2\/users\/1"}],"replies":[{"embeddable":true,"href":"http:\/\/www.campingverneda.com\/blog\/wp-json\/wp\/v2\/comments?post=1297"}],"version-history":[{"count":6,"href":"http:\/\/www.campingverneda.com\/blog\/wp-json\/wp\/v2\/posts\/1297\/revisions"}],"predecessor-version":[{"id":1307,"href":"http:\/\/www.campingverneda.com\/blog\/wp-json\/wp\/v2\/posts\/1297\/revisions\/1307"}],"wp:featuredmedia":[{"embeddable":true,"href":"http:\/\/www.campingverneda.com\/blog\/wp-json\/wp\/v2\/media\/1298"}],"wp:attachment":[{"href":"http:\/\/www.campingverneda.com\/blog\/wp-json\/wp\/v2\/media?parent=1297"}],"wp:term":[{"taxonomy":"category","embeddable":true,"href":"http:\/\/www.campingverneda.com\/blog\/wp-json\/wp\/v2\/categories?post=1297"},{"taxonomy":"post_tag","embeddable":true,"href":"http:\/\/www.campingverneda.com\/blog\/wp-json\/wp\/v2\/tags?post=1297"}],"curies":[{"name":"wp","href":"https:\/\/api.w.org\/{rel}","templated":true}]}}