{"id":1285,"date":"2016-05-28T16:19:15","date_gmt":"2016-05-28T16:19:15","guid":{"rendered":"http:\/\/www.campingverneda.com\/blog\/?p=1285"},"modified":"2019-03-03T16:39:28","modified_gmt":"2019-03-03T16:39:28","slug":"cuenta-tu-historia-vidaverneda-y-gana-un-fin-de-semana-con-nosotros","status":"publish","type":"post","link":"http:\/\/www.campingverneda.com\/blog\/2016\/05\/28\/cuenta-tu-historia-vidaverneda-y-gana-un-fin-de-semana-con-nosotros\/","title":{"rendered":"Cuenta tu historia #VidaVerneda y gana un fin de semana con nosotros"},"content":{"rendered":"<p style=\"text-align: justify;\">Este a\u00f1o celebramos nuestro <strong>30 aniversario<\/strong> y nos encantar\u00eda escuchar vuestra experiencia #VidaVerneda para celebrarlo todos juntos.<\/p>\n<p>\u00bfCu\u00e1les han sido vuestras mejores vacaciones? \u00bfQu\u00e9 momentos Vida Verneda nunca podr\u00e1s olvidar? \u00bfEres de invierno o de verano? \u00bfD\u00f3nde encuentras tus rincones favoritos de la Val d\u2019Aran desde el Camping Verneda?<\/p>\n<p>Nos gustar\u00eda que nos contarais vuestras experiencias practicando la #VidaVerneda, que hac\u00e9is, c\u00f3mo son vuestras vacaciones perfectas, como disfrut\u00e1is del camping y de la Val d\u2019Aran, cu\u00e1les son vuestras parcelas o bungalows preferidos y\u00a0 por qu\u00e9 lo son. <strong>\u00a1Lo queremos saber todo de vosotros y de vuestras vacaciones perfectas!<\/strong> Por eso, os invitamos a contar vuestros mejores momentos con nosotros.<\/p>\n<p>Pod\u00e9is mandarnos vuestra experiencia #VidaVerneda desde el 15 de junio hasta el 30 de agosto. Durante julio y agosto publicaremos todas las historias recibidas y la experiencia m\u00e1s compartida obtendr\u00e1 un fin de semana con nosotros. El 6 de septiembre publicaremos el nombre del post ganador.<\/p>\n<p>\u00a1CUENTA TU HISTORIA Y REPITE TU EXPERIENCIA VIDA VERNEDA!<\/p>\n<p>Consulta las bases del concurso \u2018Cuenta tu historia #VidaVerneda\u2019 en el siguiente PDF.<\/p>\n<p style=\"text-align: justify;\"><a href=\"http:\/\/www.campingverneda.com\/blog\/2016\/05\/28\/cuenta-tu-historia-vidaverneda-y-gana-un-fin-de-semana-con-nosotros\/bases-concurso-blog-cv\/\" rel=\"attachment wp-att-1286\">Bases concurso blog &#8220;Cuenta tu historia #VidaVerneda&#8221;<\/a><\/p>\n<p style=\"text-align: justify;\">\n","protected":false},"excerpt":{"rendered":"<p>Este a\u00f1o celebramos nuestro 30 aniversario y nos encantar\u00eda escuchar vuestra experiencia #VidaVerneda para celebrarlo todos juntos. \u00bfCu\u00e1les han sido vuestras mejores vacaciones? \u00bfQu\u00e9 momentos [&hellip;]<\/p>\n","protected":false},"author":1,"featured_media":1287,"comment_status":"open","ping_status":"open","sticky":false,"template":"","format":"standard","meta":[],"categories":[1,71,230,72,69],"tags":[345,339,337,340,346,344,342,341,54,338,46,101,343,148,298,269,13,63,40],"_links":{"self":[{"href":"http:\/\/www.campingverneda.com\/blog\/wp-json\/wp\/v2\/posts\/1285"}],"collection":[{"href":"http:\/\/www.campingverneda.com\/blog\/wp-json\/wp\/v2\/posts"}],"about":[{"href":"http:\/\/www.campingverneda.com\/blog\/wp-json\/wp\/v2\/types\/post"}],"author":[{"embeddable":true,"href":"http:\/\/www.campingverneda.com\/blog\/wp-json\/wp\/v2\/users\/1"}],"replies":[{"embeddable":true,"href":"http:\/\/www.campingverneda.com\/blog\/wp-json\/wp\/v2\/comments?post=1285"}],"version-history":[{"count":4,"href":"http:\/\/www.campingverneda.com\/blog\/wp-json\/wp\/v2\/posts\/1285\/revisions"}],"predecessor-version":[{"id":1291,"href":"http:\/\/www.campingverneda.com\/blog\/wp-json\/wp\/v2\/posts\/1285\/revisions\/1291"}],"wp:featuredmedia":[{"embeddable":true,"href":"http:\/\/www.campingverneda.com\/blog\/wp-json\/wp\/v2\/media\/1287"}],"wp:attachment":[{"href":"http:\/\/www.campingverneda.com\/blog\/wp-json\/wp\/v2\/media?parent=1285"}],"wp:term":[{"taxonomy":"category","embeddable":true,"href":"http:\/\/www.campingverneda.com\/blog\/wp-json\/wp\/v2\/categories?post=1285"},{"taxonomy":"post_tag","embeddable":true,"href":"http:\/\/www.campingverneda.com\/blog\/wp-json\/wp\/v2\/tags?post=1285"}],"curies":[{"name":"wp","href":"https:\/\/api.w.org\/{rel}","templated":true}]}}