{"id":1279,"date":"2016-05-24T10:32:37","date_gmt":"2016-05-24T10:32:37","guid":{"rendered":"http:\/\/www.campingverneda.com\/blog\/?p=1279"},"modified":"2019-03-03T16:39:28","modified_gmt":"2019-03-03T16:39:28","slug":"suscribete-al-blog-de-la-vidaverneda","status":"publish","type":"post","link":"http:\/\/www.campingverneda.com\/blog\/2016\/05\/24\/suscribete-al-blog-de-la-vidaverneda\/","title":{"rendered":"Suscr\u00edbete al blog de la #VidaVerneda"},"content":{"rendered":"<p style=\"text-align: justify;\">Nuestro objetivo es que el Camping Verneda sea el lugar en el que quieres estar, queremos que sea tu sitio preferido para venir a pasar tus vacaciones, queremos que practiques la #VidaVerneda y que sientas la Val d\u2019Aran en su pura esencia.<\/p>\n<p style=\"text-align: justify;\">Nuestro blog es el lugar en el que te contamos que es la #VidaVerneda, qu\u00e9 actividades puedes hacer tanto en nuestro camping como en la Val d\u2019Aran, hablamos sobre rutas, sobre las historias que se esconden tras las monta\u00f1as de este magnifico entorno en el que nos encontramos.<\/p>\n<p>Ahora, en nuestro blog, tienes la oportunidad de poder suscribirte para recibir todos nuestros contenidos en tu buz\u00f3n de correo electr\u00f3nico. Para hacerlo, tan s\u00f3lo hay que dirigirse al blog de Camping Verneda, en el lateral de la p\u00e1gina de inicio del blog encontrar\u00e1s el bot\u00f3n de suscripci\u00f3n. Para recibir nuestras entradas tan s\u00f3lo tienes que introducir tu email en el cuadro y hacer click en suscribirse.<\/p>\n<p style=\"text-align: justify;\"><a href=\"http:\/\/www.campingverneda.com\/blog\/wp-content\/uploads\/2016\/05\/Suscripcion_Blog_Vida_Verneda.png\"><img decoding=\"async\" loading=\"lazy\" class=\"size-full wp-image-1280 aligncenter\" src=\"http:\/\/www.campingverneda.com\/blog\/wp-content\/uploads\/2016\/05\/Suscripcion_Blog_Vida_Verneda.png\" alt=\"Suscripcion_Blog_Vida_Verneda\" width=\"350\" height=\"319\" srcset=\"http:\/\/www.campingverneda.com\/blog\/wp-content\/uploads\/2016\/05\/Suscripcion_Blog_Vida_Verneda-300x273.png 300w, http:\/\/www.campingverneda.com\/blog\/wp-content\/uploads\/2016\/05\/Suscripcion_Blog_Vida_Verneda.png 350w\" sizes=\"(max-width: 350px) 100vw, 350px\" \/><\/a><\/p>\n<p>Seguidamente recibir\u00e1s un email en tu\u00a0 buz\u00f3n de email conforme ya est\u00e1s registrado, y en el que se confirma tu suscripci\u00f3n al blog. De este modo recibir\u00e1s de forma c\u00f3moda y r\u00e1pida toda la informaci\u00f3n de la #VidaVerneda que te interesa.<\/p>\n<p>\u00a1Suscr\u00edbete y descubre mil formas para disfrutar de la Val d&#8217;Aran!<\/p>\n","protected":false},"excerpt":{"rendered":"<p>Nuestro objetivo es que el Camping Verneda sea el lugar en el que quieres estar, queremos que sea tu sitio preferido para venir a pasar [&hellip;]<\/p>\n","protected":false},"author":1,"featured_media":1281,"comment_status":"open","ping_status":"open","sticky":false,"template":"","format":"standard","meta":[],"categories":[1,69],"tags":[333,47,51,11,335,325,334,14,184,324,336,332,13,42,40],"_links":{"self":[{"href":"http:\/\/www.campingverneda.com\/blog\/wp-json\/wp\/v2\/posts\/1279"}],"collection":[{"href":"http:\/\/www.campingverneda.com\/blog\/wp-json\/wp\/v2\/posts"}],"about":[{"href":"http:\/\/www.campingverneda.com\/blog\/wp-json\/wp\/v2\/types\/post"}],"author":[{"embeddable":true,"href":"http:\/\/www.campingverneda.com\/blog\/wp-json\/wp\/v2\/users\/1"}],"replies":[{"embeddable":true,"href":"http:\/\/www.campingverneda.com\/blog\/wp-json\/wp\/v2\/comments?post=1279"}],"version-history":[{"count":2,"href":"http:\/\/www.campingverneda.com\/blog\/wp-json\/wp\/v2\/posts\/1279\/revisions"}],"predecessor-version":[{"id":1283,"href":"http:\/\/www.campingverneda.com\/blog\/wp-json\/wp\/v2\/posts\/1279\/revisions\/1283"}],"wp:featuredmedia":[{"embeddable":true,"href":"http:\/\/www.campingverneda.com\/blog\/wp-json\/wp\/v2\/media\/1281"}],"wp:attachment":[{"href":"http:\/\/www.campingverneda.com\/blog\/wp-json\/wp\/v2\/media?parent=1279"}],"wp:term":[{"taxonomy":"category","embeddable":true,"href":"http:\/\/www.campingverneda.com\/blog\/wp-json\/wp\/v2\/categories?post=1279"},{"taxonomy":"post_tag","embeddable":true,"href":"http:\/\/www.campingverneda.com\/blog\/wp-json\/wp\/v2\/tags?post=1279"}],"curies":[{"name":"wp","href":"https:\/\/api.w.org\/{rel}","templated":true}]}}