{"id":1271,"date":"2016-05-19T09:24:00","date_gmt":"2016-05-19T09:24:00","guid":{"rendered":"http:\/\/www.campingverneda.com\/blog\/?p=1271"},"modified":"2019-03-03T16:39:28","modified_gmt":"2019-03-03T16:39:28","slug":"vias-ferratas-en-la-val-daran-les","status":"publish","type":"post","link":"http:\/\/www.campingverneda.com\/blog\/2016\/05\/19\/vias-ferratas-en-la-val-daran-les\/","title":{"rendered":"V\u00edas ferratas en la Val d\u2019Aran, Les"},"content":{"rendered":"<p style=\"text-align: justify;\">El acceso a la v\u00eda ferrata de Les se encuentra pasados unos 100 metros\u00a0 el camping Caucarca, all\u00ed podemos guiarnos por un cartel indicativo en el que nos informa de que el acceso a la v\u00eda ferrata est\u00e1 a la derecha.<\/p>\n<p>Para realizar la v\u00eda ferrata de Les hay dos opciones, hacerla desde el inicio o bien empezar por el segundo tramo. Esta v\u00eda tiene una curiosa particularidad, ya que esta al rev\u00e9s del resto de v\u00edas: el primer tramo es el m\u00e1s dif\u00edcil y vertical,\u00a0 mientras que el segundo es el m\u00e1s f\u00e1cil y accesible por todos.<\/p>\n<div class=\"fusion-fullwidth fullwidth-box hundred-percent-fullwidth non-hundred-percent-height-scrolling\"  style='background-color: rgba(255,255,255,0);background-position: center center;background-repeat: no-repeat;padding-top:0px;padding-right:30px;padding-bottom:0px;padding-left:30px;border-top-width:0px;border-bottom-width:0px;border-color:#eae9e9;border-top-style:solid;border-bottom-style:solid;'><div class=\"fusion-builder-row fusion-row \"><div  class=\"fusion-layout-column fusion_builder_column fusion_builder_column_1_1  fusion-one-full fusion-column-first fusion-column-last fusion-column-no-min-height 1_1\"  style='margin-top:0px;margin-bottom:0px;'>\n\t\t\t\t\t<div class=\"fusion-column-wrapper\" style=\"background-position:left top;background-repeat:no-repeat;-webkit-background-size:cover;-moz-background-size:cover;-o-background-size:cover;background-size:cover;\"   data-bg-url=\"\">\n\t\t\t\t\t\t<div id=\"attachment_1272\" style=\"width: 955px\" class=\"wp-caption aligncenter\"><a href=\"http:\/\/www.campingverneda.com\/blog\/wp-content\/uploads\/2016\/05\/ViaFerrata_Les_Pirineos.jpg\"><img aria-describedby=\"caption-attachment-1272\" decoding=\"async\" loading=\"lazy\" class=\"size-full wp-image-1272\" src=\"http:\/\/www.campingverneda.com\/blog\/wp-content\/uploads\/2016\/05\/ViaFerrata_Les_Pirineos.jpg\" alt=\"Fuente Deandar\" width=\"945\" height=\"668\" srcset=\"http:\/\/www.campingverneda.com\/blog\/wp-content\/uploads\/2016\/05\/ViaFerrata_Les_Pirineos-300x212.jpg 300w, http:\/\/www.campingverneda.com\/blog\/wp-content\/uploads\/2016\/05\/ViaFerrata_Les_Pirineos-600x424.jpg 600w, http:\/\/www.campingverneda.com\/blog\/wp-content\/uploads\/2016\/05\/ViaFerrata_Les_Pirineos.jpg 945w\" sizes=\"(max-width: 945px) 100vw, 945px\" \/><\/a><p id=\"caption-attachment-1272\" class=\"wp-caption-text\">Fuente Deandar<\/p><\/div>\n<p style=\"text-align: justify;\">\nPara acceder al primer tramo debemos ascender por el sendero que sube de forma escalonada a la izquierda de unas instalaciones de cemento. El primer tramo tiene tramos con bastante desplome, un puente tibetano de unos 10 metros y un final a\u00e9reo.<\/p>\n<p>Para los menos intr\u00e9pidos, con nivel de iniciaci\u00f3n o adultos acompa\u00f1ados con ni\u00f1os, os recomendamos iniciar la v\u00eda ferrata directamente desde el segundo tramo, al cual se accede mediante un sendero. El segundo tramo es de muy f\u00e1cil acceso y se realiza a trav\u00e9s de un tupido bosque. Aqu\u00ed encontrareis mucha vegetaci\u00f3n y poca verticalidad, perfecta para el alcance de todo el mundo. El regreso de la v\u00eda ferrata de Les se realiza mediante el camino de Soberp\u00e8ra o por el camino de Carraspa, perfectamente indicados con marcas amarillas.<\/p>\n<p style=\"text-align: justify;\">La segunda zona equipada (K2) es muy f\u00e1cil y tambi\u00e9n muy est\u00e9tica pues arranca en el interior de un precioso y m\u00e1gico bosque repleto de helechos, donde encontraremos tres resaltes f\u00e1ciles, tambi\u00e9n con abundante vegetaci\u00f3n y escasamente verticales. Finalizamos la ferrata con una salida poco tumbada perfecta para hacer pr\u00e1cticas con los m\u00e1s peque\u00f1os.<\/p>\n<p>\u00bfLo mejor de esta v\u00eda? Las incre\u00edbles vistas al pueblo de Les y al resto del Bajo Aran y, aunque parezca mentira, el camino de vuelta a trav\u00e9s del frondoso bosque y con el peque\u00f1o r\u00edo de Soberp\u00e8ra hacen que merezca la pena realizar esta v\u00eda ferrata.<\/p>\n<div class=\"fusion-clearfix\"><\/div>\n\n\t\t\t\t\t<\/div>\n\t\t\t\t<\/div><div  class=\"fusion-layout-column fusion_builder_column fusion_builder_column_1_1  fusion-one-full fusion-column-first fusion-column-last fusion-column-no-min-height 1_1\"  style='margin-top:0px;margin-bottom:0px;'>\n\t\t\t\t\t<div class=\"fusion-column-wrapper\" style=\"background-position:left top;background-repeat:no-repeat;-webkit-background-size:cover;-moz-background-size:cover;-o-background-size:cover;background-size:cover;\"   data-bg-url=\"\">\n\t\t\t\t\t\t<div id=\"attachment_1273\" style=\"width: 955px\" class=\"wp-caption aligncenter\"><a href=\"http:\/\/www.campingverneda.com\/blog\/wp-content\/uploads\/2016\/05\/Viaferrata_Les_ValdAran_Pirineos.png\"><img aria-describedby=\"caption-attachment-1273\" decoding=\"async\" loading=\"lazy\" class=\"size-full wp-image-1273\" src=\"http:\/\/www.campingverneda.com\/blog\/wp-content\/uploads\/2016\/05\/Viaferrata_Les_ValdAran_Pirineos.png\" alt=\"Fuente Deandar\" width=\"945\" height=\"668\" srcset=\"http:\/\/www.campingverneda.com\/blog\/wp-content\/uploads\/2016\/05\/Viaferrata_Les_ValdAran_Pirineos-300x212.png 300w, http:\/\/www.campingverneda.com\/blog\/wp-content\/uploads\/2016\/05\/Viaferrata_Les_ValdAran_Pirineos-600x424.png 600w, http:\/\/www.campingverneda.com\/blog\/wp-content\/uploads\/2016\/05\/Viaferrata_Les_ValdAran_Pirineos.png 945w\" sizes=\"(max-width: 945px) 100vw, 945px\" \/><\/a><p id=\"caption-attachment-1273\" class=\"wp-caption-text\">Fuente Deandar<\/p><\/div>\n<p style=\"text-align: justify;\">\nDesde la Vida Verneda os recomendamos siempre a estas excursiones con gu\u00edas titulados. Como veis, en la Val d\u2019Aran tenemos actividades para todos los gustos y todos los niveles.<\/p>\n<p>\u00bfTodav\u00eda est\u00e1s pensando c\u00f3mo descubrir el valle de valles?<\/p>\n<div class=\"fusion-clearfix\"><\/div>\n\n\t\t\t\t\t<\/div>\n\t\t\t\t<\/div><\/div><\/div>\n","protected":false},"excerpt":{"rendered":"<p>El acceso a la v\u00eda ferrata de Les se encuentra pasados unos 100 metros\u00a0 el camping Caucarca, all\u00ed podemos guiarnos por un cartel indicativo en [&hellip;]<\/p>\n","protected":false},"author":1,"featured_media":1274,"comment_status":"open","ping_status":"open","sticky":false,"template":"","format":"standard","meta":[],"categories":[71,230],"tags":[284,207,330,331,329,322,153,184,324,318,13,42,321],"_links":{"self":[{"href":"http:\/\/www.campingverneda.com\/blog\/wp-json\/wp\/v2\/posts\/1271"}],"collection":[{"href":"http:\/\/www.campingverneda.com\/blog\/wp-json\/wp\/v2\/posts"}],"about":[{"href":"http:\/\/www.campingverneda.com\/blog\/wp-json\/wp\/v2\/types\/post"}],"author":[{"embeddable":true,"href":"http:\/\/www.campingverneda.com\/blog\/wp-json\/wp\/v2\/users\/1"}],"replies":[{"embeddable":true,"href":"http:\/\/www.campingverneda.com\/blog\/wp-json\/wp\/v2\/comments?post=1271"}],"version-history":[{"count":5,"href":"http:\/\/www.campingverneda.com\/blog\/wp-json\/wp\/v2\/posts\/1271\/revisions"}],"predecessor-version":[{"id":2885,"href":"http:\/\/www.campingverneda.com\/blog\/wp-json\/wp\/v2\/posts\/1271\/revisions\/2885"}],"wp:featuredmedia":[{"embeddable":true,"href":"http:\/\/www.campingverneda.com\/blog\/wp-json\/wp\/v2\/media\/1274"}],"wp:attachment":[{"href":"http:\/\/www.campingverneda.com\/blog\/wp-json\/wp\/v2\/media?parent=1271"}],"wp:term":[{"taxonomy":"category","embeddable":true,"href":"http:\/\/www.campingverneda.com\/blog\/wp-json\/wp\/v2\/categories?post=1271"},{"taxonomy":"post_tag","embeddable":true,"href":"http:\/\/www.campingverneda.com\/blog\/wp-json\/wp\/v2\/tags?post=1271"}],"curies":[{"name":"wp","href":"https:\/\/api.w.org\/{rel}","templated":true}]}}